{"id":36923,"date":"2023-07-26T18:47:12","date_gmt":"2023-07-26T17:47:12","guid":{"rendered":"https:\/\/www.agrupament.cat\/portal\/?p=36923"},"modified":"2023-07-26T18:47:12","modified_gmt":"2023-07-26T17:47:12","slug":"adif-promueve-una-inversion-de-506-me-para-modernizar-la-senalizacion-de-las-lineas-trubia-collanzo-y-cudillero-pravia","status":"publish","type":"post","link":"https:\/\/www.agrupament.cat\/portal\/2023\/07\/adif-promueve-una-inversion-de-506-me-para-modernizar-la-senalizacion-de-las-lineas-trubia-collanzo-y-cudillero-pravia\/","title":{"rendered":"Adif promueve una inversi\u00f3n de 50,6 M\u20ac para modernizar la se\u00f1alizaci\u00f3n de las l\u00edneas Trubia-Collanzo y Cudillero-Pravia"},"content":{"rendered":"<p>Nuevo impulso al Plan de Cercan\u00edas de Asturias, con mejoras en la red de ancho m\u00e9trico<br \/>\n<strong>\u00b7 Se suma a la contrataci\u00f3n de estos trabajos en la l\u00ednea Trubia-Oviedo (12,5 M\u20ac, en licitaci\u00f3n) y en la l\u00ednea Gij\u00f3n Sanz Crespo-Pravia (25 M\u20ac, adjudicados)<\/strong><br \/>\n<strong>\u00b7 Avanza adem\u00e1s en la renovaci\u00f3n del tramo El Berr\u00f3n-Gij\u00f3n, una vez completado el que discurre entre El Berr\u00f3n y Laviana<\/strong><\/p>\n<p>25 JULIO 2023<br \/>\nAdif promueve nuevas actuaciones para la modernizaci\u00f3n de la red de ancho m\u00e9trico asturiana, con una inversi\u00f3n conjunta de 50,6 millones de euros.<\/p>\n<p>Con las obras, enmarcadas en el Plan de Cercan\u00edas de Asturias, se modernizar\u00e1 la se\u00f1alizaci\u00f3n de las l\u00edneas Trubia-Collanzo y Cudillero-Pravia, reforzando as\u00ed su fiabilidad y capacidad.<\/p>\n<p>La actuaci\u00f3n implementar\u00e1 elementos de se\u00f1alizaci\u00f3n en m\u00e1s de 34 km de trazado, que permitir\u00e1n la gesti\u00f3n de la circulaci\u00f3n en remoto, integrada en el sistema de Control de Tr\u00e1fico Centralizado (CTC).<\/p>\n<p>En concreto, se instalar\u00e1n y pondr\u00e1n en servicio enclavamientos (los dispositivos que gestionan todas las se\u00f1ales de un tramo), sistemas de detecci\u00f3n y protecci\u00f3n del tren, se\u00f1ales fijas y luminosas, telecomunicaciones fijas y otras dotaciones asociadas.<\/p>\n<p>Los trabajos se suman a los que despliegan estos mismos sistemas en el tramo Trubia-Oviedo, de 12 kil\u00f3metros (12,5 millones de euros, en licitaci\u00f3n) y en el trazado de 51 km entre Gij\u00f3n Sanz Crespo y Pravia, con una inversi\u00f3n de 25 millones de euros (ya adjudicados).<\/p>\n<p><strong>Impulso al Plan de Cercan\u00edas de Asturias<\/strong><br \/>\nAdif avanza en la modernizaci\u00f3n de la red de ancho m\u00e9trico, contemplada en el Plan de Cercan\u00edas de Asturias.<\/p>\n<p>Las actuaciones para la renovaci\u00f3n de la se\u00f1alizaci\u00f3n figuran entre los principales hitos del plan, junto con la renovaci\u00f3n integral de la l\u00ednea Gij\u00f3n-Laviana (49 km); una inversi\u00f3n de 50 millones de euros, que recientemente ha concluido en el tramo El Berr\u00f3n-Laviana y que se completa entre El Berr\u00f3n y Gij\u00f3n.<\/p>\n<p>Asimismo, est\u00e1n en marcha otros proyectos, como la integraci\u00f3n de Langreo y la renovaci\u00f3n de la l\u00ednea Colloto-Infiesto (40,6 km). Adem\u00e1s, se trabaja en la redacci\u00f3n del proyecto de la nueva estaci\u00f3n intermodal de Gij\u00f3n y recientemente se licit\u00f3 el proyecto de renovaci\u00f3n y ampliaci\u00f3n de la estaci\u00f3n de Pola de Lena.<\/p>\n<p>Todos estos proyectos contribuyen a los Objetivos de Desarrollo Sostenible (ODS) 9, que fomenta infraestructuras fiables, sostenibles y de calidad; 11 (ciudades inclusivas y sostenibles) y 8 (crecimiento econ\u00f3mico y generaci\u00f3n de empleo).<\/p>\n<p><strong>Financiaci\u00f3n europea<\/strong><br \/>\nLas obras de renovaci\u00f3n integral de v\u00eda del tramo Gij\u00f3n-Laviana, de instalaciones de seguridad y telecomunicaciones del tramo Laviana-Tuilla, y el montaje de v\u00eda, electrificaci\u00f3n, drenaje, instalaciones de protecci\u00f3n civil y seguridad y obras complementarias del T\u00fanel de Langreo cuentan con financiaci\u00f3n europea a trav\u00e9s del \u201cPlan de Recuperaci\u00f3n, Transformaci\u00f3n y Resiliencia. Financiado por la Uni\u00f3n Europea \u2013 NextGenerationEU\u201d.<\/p>\n","protected":false},"excerpt":{"rendered":"<p>Nuevo impulso al Plan de Cercan\u00edas de Asturias, con mejoras en la red de ancho m\u00e9trico \u00b7 Se suma a<\/p>\n","protected":false},"author":4,"featured_media":0,"comment_status":"closed","ping_status":"open","sticky":false,"template":"","format":"standard","meta":{"footnotes":""},"categories":[818],"tags":[71,70,1622,1623,1624,99,873,355],"class_list":["post-36923","post","type-post","status-publish","format-standard","hentry","category-notes-de-premsa","tag-adif","tag-anchometrico","tag-collanzo","tag-cudillero","tag-pravia","tag-principau-dasturies-principado-de-asturias","tag-senalizacion","tag-trubia","comments-off"],"_links":{"self":[{"href":"https:\/\/www.agrupament.cat\/portal\/wp-json\/wp\/v2\/posts\/36923","targetHints":{"allow":["GET"]}}],"collection":[{"href":"https:\/\/www.agrupament.cat\/portal\/wp-json\/wp\/v2\/posts"}],"about":[{"href":"https:\/\/www.agrupament.cat\/portal\/wp-json\/wp\/v2\/types\/post"}],"author":[{"embeddable":true,"href":"https:\/\/www.agrupament.cat\/portal\/wp-json\/wp\/v2\/users\/4"}],"replies":[{"embeddable":true,"href":"https:\/\/www.agrupament.cat\/portal\/wp-json\/wp\/v2\/comments?post=36923"}],"version-history":[{"count":1,"href":"https:\/\/www.agrupament.cat\/portal\/wp-json\/wp\/v2\/posts\/36923\/revisions"}],"predecessor-version":[{"id":36925,"href":"https:\/\/www.agrupament.cat\/portal\/wp-json\/wp\/v2\/posts\/36923\/revisions\/36925"}],"wp:attachment":[{"href":"https:\/\/www.agrupament.cat\/portal\/wp-json\/wp\/v2\/media?parent=36923"}],"wp:term":[{"taxonomy":"category","embeddable":true,"href":"https:\/\/www.agrupament.cat\/portal\/wp-json\/wp\/v2\/categories?post=36923"},{"taxonomy":"post_tag","embeddable":true,"href":"https:\/\/www.agrupament.cat\/portal\/wp-json\/wp\/v2\/tags?post=36923"}],"curies":[{"name":"wp","href":"https:\/\/api.w.org\/{rel}","templated":true}]}}