{"id":36597,"date":"2023-06-22T10:00:32","date_gmt":"2023-06-22T09:00:32","guid":{"rendered":"https:\/\/www.agrupament.cat\/portal\/?p=36597"},"modified":"2023-06-22T22:49:41","modified_gmt":"2023-06-22T21:49:41","slug":"tmb-reforca-el-servei-de-metro-i-bus-per-als-concerts-de-classica-a-la-platja","status":"publish","type":"post","link":"https:\/\/www.agrupament.cat\/portal\/2023\/06\/tmb-reforca-el-servei-de-metro-i-bus-per-als-concerts-de-classica-a-la-platja\/","title":{"rendered":"TMB refor\u00e7a el servei de metro i bus per als concerts de \u2018Cl\u00e0ssica a la platja\u2019"},"content":{"rendered":"<p>19 de juny del 2023<br \/>\n<strong>\u00b7 La l\u00ednia 4 comptar\u00e0 amb m\u00e9s trens en circulaci\u00f3 per augmentar la freq\u00fc\u00e8ncia de pas i m\u00e9s agents d\u2019atenci\u00f3 al client, aix\u00ed com vigilants de seguretat a les estacions de Llacuna i Bogatell<\/strong><br \/>\n<strong>\u00b7 Tamb\u00e9 es refor\u00e7ar\u00e0 el servei a les l\u00ednies de bus 6, 59, H16, V23 i V25<\/strong><\/p>\n<p>Transports Metropolitans de Barcelona (TMB) refor\u00e7a el servei de la l\u00ednia 4 de metro per als dos concerts de Cl\u00e0ssica a la platja organitzats per tres de les grans institucions culturals de Barcelona: el Liceu, el Palau de la M\u00fasica i l\u2019Auditori a la platja del Bogatell.<\/p>\n<p>Dem\u00e0 dimarts, 20 de juny i dimecres, 21 de juny hi haur\u00e0 m\u00e9s trens de l\u2019habitual a l\u2019 L4 per tal d\u2019augmentar la freq\u00fc\u00e8ncia de pas durant les \u00faltimes hores de servei per facilitar la mobilitat a la finalitzaci\u00f3 dels concerts.<\/p>\n<p>Sota la iniciativa de Barcelona Obertura, l\u2019Orquestra del Gran Teatre del Liceu i l\u2019Orquestra Simf\u00f2nica de Barcelona i Nacional de Catalunya oferiran dos concerts oberts a la ciutadania amb l\u2019objectiu d\u2019apropar la m\u00fasica simf\u00f2nica a una audi\u00e8ncia diversa i \u00e0mplia.<\/p>\n<p>A m\u00e9s de l\u2019augment de trens, TMB incrementar\u00e0 el nombre d\u2019agents d\u2019atenci\u00f3 al client i de vigilants de seguretat a les estacions pr\u00f2ximes a la platja del Bogatell (Llacuna i Bogatell).<\/p>\n<p>Una altra opci\u00f3 de mobilitat s\u00f3n les l\u00ednies de bus 6, 59, H16, V23 i V25 que es refor\u00e7aran i donaran servei amb vehicles articulats per augmentar la capacitat.<\/p>\n","protected":false},"excerpt":{"rendered":"<p>19 de juny del 2023 \u00b7 La l\u00ednia 4 comptar\u00e0 amb m\u00e9s trens en circulaci\u00f3 per augmentar la freq\u00fc\u00e8ncia de<\/p>\n","protected":false},"author":4,"featured_media":36598,"comment_status":"closed","ping_status":"open","sticky":false,"template":"","format":"standard","meta":{"footnotes":""},"categories":[818],"tags":[35,111,1584,157,225,563,56],"class_list":["post-36597","post","type-post","status-publish","format-standard","has-post-thumbnail","hentry","category-notes-de-premsa","tag-barcelona","tag-bus","tag-concerts","tag-l04-trinitat-nova-la-pau","tag-metro","tag-reforc-del-servei","tag-metro-barcelona-tmb","comments-off"],"_links":{"self":[{"href":"https:\/\/www.agrupament.cat\/portal\/wp-json\/wp\/v2\/posts\/36597","targetHints":{"allow":["GET"]}}],"collection":[{"href":"https:\/\/www.agrupament.cat\/portal\/wp-json\/wp\/v2\/posts"}],"about":[{"href":"https:\/\/www.agrupament.cat\/portal\/wp-json\/wp\/v2\/types\/post"}],"author":[{"embeddable":true,"href":"https:\/\/www.agrupament.cat\/portal\/wp-json\/wp\/v2\/users\/4"}],"replies":[{"embeddable":true,"href":"https:\/\/www.agrupament.cat\/portal\/wp-json\/wp\/v2\/comments?post=36597"}],"version-history":[{"count":1,"href":"https:\/\/www.agrupament.cat\/portal\/wp-json\/wp\/v2\/posts\/36597\/revisions"}],"predecessor-version":[{"id":36599,"href":"https:\/\/www.agrupament.cat\/portal\/wp-json\/wp\/v2\/posts\/36597\/revisions\/36599"}],"wp:featuredmedia":[{"embeddable":true,"href":"https:\/\/www.agrupament.cat\/portal\/wp-json\/wp\/v2\/media\/36598"}],"wp:attachment":[{"href":"https:\/\/www.agrupament.cat\/portal\/wp-json\/wp\/v2\/media?parent=36597"}],"wp:term":[{"taxonomy":"category","embeddable":true,"href":"https:\/\/www.agrupament.cat\/portal\/wp-json\/wp\/v2\/categories?post=36597"},{"taxonomy":"post_tag","embeddable":true,"href":"https:\/\/www.agrupament.cat\/portal\/wp-json\/wp\/v2\/tags?post=36597"}],"curies":[{"name":"wp","href":"https:\/\/api.w.org\/{rel}","templated":true}]}}