{"id":36537,"date":"2023-06-14T17:44:35","date_gmt":"2023-06-14T16:44:35","guid":{"rendered":"https:\/\/www.agrupament.cat\/portal\/?p=36537"},"modified":"2023-06-14T17:44:35","modified_gmt":"2023-06-14T16:44:35","slug":"mas-de-un-centenar-de-alumnos-de-fp-participan-en-la-jornada-empresarial-de-talgo-en-logrono-para-acercarse-a-la-movilidad-del-futuro","status":"publish","type":"post","link":"https:\/\/www.agrupament.cat\/portal\/2023\/06\/mas-de-un-centenar-de-alumnos-de-fp-participan-en-la-jornada-empresarial-de-talgo-en-logrono-para-acercarse-a-la-movilidad-del-futuro\/","title":{"rendered":"M\u00e1s de un centenar de alumnos de FP participan en la jornada empresarial de Talgo en Logro\u00f1o para acercarse a la movilidad del futuro"},"content":{"rendered":"<p>14 JUN 2023<br \/>\n<strong>\u00b7 Los j\u00f3venes han recibido consejos y asesoramiento para su incorporaci\u00f3n al mercado laboral, a trav\u00e9s de talleres sobre empleabilidad, charlas sobre la tecnolog\u00eda Talgo y otras actividades, como un paseo por el interior de los trenes de la compa\u00f1\u00eda gracias a la realidad virtual<\/strong><br \/>\n<strong>\u00b7 La jornada, denominada Talgo Day, ha contado con el impulso de la Direcci\u00f3n General de Formaci\u00f3n Profesional Integrada del Gobierno de La Rioja, y el objetivo es potenciar la relaci\u00f3n entre la Formaci\u00f3n Profesional y el mundo empresarial, con empresas de referencia como Talgo<\/strong><br \/>\n<strong>\u00b7 La compa\u00f1\u00eda, que cuenta con plantas industriales en Rivabellosa (\u00c1lava) y en Madrid, acaba de conseguir el mayor pedido de su historia, por parte de la operadora alemana Deutsche Bahn, para construir 56 trenes Talgo 230<\/strong><\/p>\n<p>Logro\u00f1o, 14 de junio de 2023.- La compa\u00f1\u00eda l\u00edder en dise\u00f1o, fabricaci\u00f3n y mantenimiento de trenes ligeros de alta velocidad Talgo ha organizado este mi\u00e9rcoles una jornada empresarial en Logro\u00f1o para acercar el mundo empresarial y las tecnolog\u00edas para la movilidad del futuro a los alumnos de Formaci\u00f3n Profesional. Para ello, ha contado con el impulso de la Direcci\u00f3n General de Formaci\u00f3n Profesional Integrada del Gobierno de La Rioja y del Aula de Emprendimiento del IES Inventor Cosme Garc\u00eda de Logro\u00f1o, con el objetivo de potenciar la relaci\u00f3n entre la Formaci\u00f3n Profesional y el mundo empresarial, con empresas de referencia como Talgo.<\/p>\n<p>As\u00ed m\u00e1s de un centenar de j\u00f3venes han recibido consejos y asesoramiento para su incorporaci\u00f3n al mercado laboral, a trav\u00e9s de talleres sobre empleabilidad, charlas sobre la tecnolog\u00eda Talgo y otras actividades, como un paseo por el interior de los trenes de la compa\u00f1\u00eda gracias a la realidad virtual.<\/p>\n<p>La jornada, denominada Talgo Day, ha contado con la participaci\u00f3n del Consejero de Educaci\u00f3n del Gobierno de la Rioja, Pedro Uru\u00f1uela, y de Felix Alonso, Director General de Formaci\u00f3n Profesional Integrada del Gobierno de La Rioja, que ha asegurado que \u201cnos tenemos que sentir afortunados porque una empresa nacional e internacional tan reconocida como Talgo, apueste por la Formaci\u00f3n Profesional y haya pensando en el alumnado riojano por la alta empleabilidad que tiene un sector como el del ferrocarril. Ahora que estamos casi finalizando el curso escolar, estos alumnos que van a realizar sus estudios, bien de grado medio o de grado superior, han tenido una serie de actividades y de talleres para poder salir lo mejor preparados posibles al mercado laboral\u201d.<\/p>\n<p>Por su parte, Roberto Mart\u00ednez, Director Industrial de Talgo, ha explicado que \u201cLa Rioja es una comunidad con mucho talento. De hecho, en nuestra f\u00e1brica de Rivabellosa contamos con muchos j\u00f3venes riojanos, que apuestan por esta profesi\u00f3n y desarrollan aqu\u00ed su trayectoria. Nosotros trabajamos con todos los gremios y tenemos uno de los equipos m\u00e1s importantes del mundo a nivel de soldadura de aluminio, y tambi\u00e9n tenemos especialistas en software, electr\u00f3nica, el\u00e9ctricos\u2026\u201d.<\/p>\n<p>Y ha a\u00f1adido que \u201cestamos profundamente comprometidos con la Formaci\u00f3n Profesional. De hecho, nosotros tenemos una escuela de soldadura dentro de nuestra f\u00e1brica para seguir con la formaci\u00f3n del equipo. En Talgo dise\u00f1amos los trenes m\u00e1s avanzados del mundo, desarrollamos una tecnolog\u00eda \u00fanica y 100% espa\u00f1ola. Tenemos que activar la pasi\u00f3n de los j\u00f3venes por este sector, que piensen que este es su futuro, y que en Talgo van a encontrar grandes compa\u00f1eros y compa\u00f1eras que les van a ayudar siempre\u201d.<\/p>\n<p>La compa\u00f1\u00eda, que cuenta con plantas industriales en Rivabellosa (\u00c1lava) y en Madrid, acaba de conseguir el mayor pedido de su historia, por parte de la operadora alemana Deutsche Bahn, para construir 56 trenes ICE L por importe de 1.400 millones de euros. Este pedido es una ampliaci\u00f3n del contrato marco firmado en 2019 por 100 unidades, con un primer pedido firme de 23 trenes, por lo que con el segundo pedido se alcanzar\u00e1n ahora las 79 unidades de trenes ICE L.<\/p>\n<p><strong>Una jornada 4.0<\/strong><br \/>\nLos alumnos han tenido la oportunidad de acercarse a la realidad de Talgo a trav\u00e9s de propuestas innovadoras y con herramientas 4.0. As\u00ed, han contado con talleres de empleo en los que, entre otras cosas, han aprendido a elaborar o mejorar sus curr\u00edculums, han recibido consejos para superar una entrevista de trabajo y han descubierto la importancia de la comunicaci\u00f3n oral como veh\u00edculo de interacci\u00f3n en el \u00e1mbito profesional. A trav\u00e9s de diferentes talleres, los j\u00f3venes han conocido cu\u00e1les son los perfiles profesionales que hay en las f\u00e1bricas de Talgo y c\u00f3mo es su d\u00eda a d\u00eda. Adem\u00e1s, han podido asistir a charlas sobre sistemas inteligentes de mantenimiento en Talgo y sus procesos de fabricaci\u00f3n.<\/p>\n<p>Cabe destacar tambi\u00e9n otras actividades como una Scape Room de innovaci\u00f3n, en la que los asistentes tuvieron que completar pruebas relacionadas con la tecnolog\u00eda y la historia de Talgo, una experiencia inmersiva de realidad virtual de los principales proyectos de la compa\u00f1\u00eda y un simulador de realidad aumentada del proceso de soldadura, que es el sistema utilizado para la formaci\u00f3n de soldadores.<\/p>\n<p>&nbsp;<\/p>\n","protected":false},"excerpt":{"rendered":"<p>14 JUN 2023 \u00b7 Los j\u00f3venes han recibido consejos y asesoramiento para su incorporaci\u00f3n al mercado laboral, a trav\u00e9s de<\/p>\n","protected":false},"author":4,"featured_media":36538,"comment_status":"closed","ping_status":"open","sticky":false,"template":"","format":"standard","meta":{"footnotes":""},"categories":[818],"tags":[947,273,1077,1579,1578,948],"class_list":["post-36537","post","type-post","status-publish","format-standard","has-post-thumbnail","hentry","category-notes-de-premsa","tag-formacion","tag-logrono","tag-movilidad","tag-profesional","tag-realidad-virtual","tag-talgo","comments-off"],"_links":{"self":[{"href":"https:\/\/www.agrupament.cat\/portal\/wp-json\/wp\/v2\/posts\/36537","targetHints":{"allow":["GET"]}}],"collection":[{"href":"https:\/\/www.agrupament.cat\/portal\/wp-json\/wp\/v2\/posts"}],"about":[{"href":"https:\/\/www.agrupament.cat\/portal\/wp-json\/wp\/v2\/types\/post"}],"author":[{"embeddable":true,"href":"https:\/\/www.agrupament.cat\/portal\/wp-json\/wp\/v2\/users\/4"}],"replies":[{"embeddable":true,"href":"https:\/\/www.agrupament.cat\/portal\/wp-json\/wp\/v2\/comments?post=36537"}],"version-history":[{"count":1,"href":"https:\/\/www.agrupament.cat\/portal\/wp-json\/wp\/v2\/posts\/36537\/revisions"}],"predecessor-version":[{"id":36539,"href":"https:\/\/www.agrupament.cat\/portal\/wp-json\/wp\/v2\/posts\/36537\/revisions\/36539"}],"wp:featuredmedia":[{"embeddable":true,"href":"https:\/\/www.agrupament.cat\/portal\/wp-json\/wp\/v2\/media\/36538"}],"wp:attachment":[{"href":"https:\/\/www.agrupament.cat\/portal\/wp-json\/wp\/v2\/media?parent=36537"}],"wp:term":[{"taxonomy":"category","embeddable":true,"href":"https:\/\/www.agrupament.cat\/portal\/wp-json\/wp\/v2\/categories?post=36537"},{"taxonomy":"post_tag","embeddable":true,"href":"https:\/\/www.agrupament.cat\/portal\/wp-json\/wp\/v2\/tags?post=36537"}],"curies":[{"name":"wp","href":"https:\/\/api.w.org\/{rel}","templated":true}]}}