{"id":36513,"date":"2023-06-12T18:10:38","date_gmt":"2023-06-12T17:10:38","guid":{"rendered":"https:\/\/www.agrupament.cat\/portal\/?p=36513"},"modified":"2023-06-12T20:48:37","modified_gmt":"2023-06-12T19:48:37","slug":"renfe-aconsegueix-el-certificat-dobertura-de-la-sucursal-a-lio-fonamental-per-a-linici-de-la-seva-activitat-a-franca","status":"publish","type":"post","link":"https:\/\/www.agrupament.cat\/portal\/2023\/06\/renfe-aconsegueix-el-certificat-dobertura-de-la-sucursal-a-lio-fonamental-per-a-linici-de-la-seva-activitat-a-franca\/","title":{"rendered":"Renfe aconsegueix el certificat d\u2019obertura de la sucursal a Li\u00f3, fonamental per a l\u2019inici de la seva activitat a Fran\u00e7a"},"content":{"rendered":"<p><strong>\u00b7 Amb l\u2019obertura de la sucursal a Li\u00f3 (Fran\u00e7a) la companyia iniciar\u00e0 la venda de bitllets i altres activitats comercials de manera imminent<\/strong><br \/>\n<strong>\u00b7 Es tracta d\u2019un pas decisiu per emprendre la implantaci\u00f3 de Renfe al mercat franc\u00e8s a llarg termini i una pas clau en la seva estrat\u00e8gia d\u2019internacionalitzaci\u00f3<\/strong><\/p>\n<p>Barcelona, 12 de juny de 2023 (Renfe).<br \/>\nRenfe ha completat la inscripci\u00f3 de la sucursal a Li\u00f3 (Fran\u00e7a) al registre mercantil de Fran\u00e7a. La nova sucursal de Renfe est\u00e0 ubicada al costat de l\u2019Estaci\u00f3 Lyon Part Dieu i t\u00e9 perm\u00eds de l\u2019autoritat francesa per iniciar la seva activitat comercial de manera imminent.<\/p>\n<p>L\u2019obertura d\u2019aquesta sucursal \u00e9s un pas clau per a la plena operaci\u00f3 de Renfe en aquell pa\u00eds. Segons recull el registre mercantil a Li\u00f3, Renfe est\u00e0 inscrita per a \u201cla prestaci\u00f3 de serveis de transport ferroviari de viatgers, tant a nivell nacional com internacional, la intermediaci\u00f3 en la prestaci\u00f3 de qualsevol servei tur\u00edstic, l\u2019organitzaci\u00f3, prestaci\u00f3 i\/o comercialitzaci\u00f3 de viatges combinats o paquets tur\u00edstics, paquets de viatge o productes tur\u00edstics, aix\u00ed com la prestaci\u00f3 d\u2019altres activitats o serveis complementaris o relacionats amb el transport ferroviari\u201d.<\/p>\n<p>A la pr\u00e0ctica, aquest pas completa la tramitaci\u00f3 administrativa necess\u00e0ria per a l\u2019operaci\u00f3 plena de Renfe a Fran\u00e7a, mercat prioritari en l\u2019estrat\u00e8gia d\u2019internacionalitzaci\u00f3 de la companyia, on la fita m\u00e9s immediata ser\u00e0 la posada en servei dels nous trens AVE que uniran Barcelona-Girona-Figueres Vilafant amb Li\u00f3 i Madrid-Saragossa-Camp de Tarragona-Barcelona-Girona-Figueres Vilafant amb Marsella, amb nombroses estacions en territori franc\u00e8s, com Narbona, Montpeller, Nimes, Aviny\u00f3 o Aix-en-Provence. La companyia anunciar\u00e0 els pr\u00f2xims dies l\u2019inici de la venda per a aquest servei.<\/p>\n<p>Les passes seg\u00fcents seran l\u2019expansi\u00f3 dels trens AVE als corredors de m\u00e9s densitat i inter\u00e8s econ\u00f2mic per a la companyia i el posicionament de Renfe com un operador de refer\u00e8ncia per al p\u00fablic franc\u00e8s.<\/p>\n","protected":false},"excerpt":{"rendered":"<p>\u00b7 Amb l\u2019obertura de la sucursal a Li\u00f3 (Fran\u00e7a) la companyia iniciar\u00e0 la venda de bitllets i altres activitats comercials<\/p>\n","protected":false},"author":4,"featured_media":0,"comment_status":"closed","ping_status":"open","sticky":false,"template":"","format":"standard","meta":{"footnotes":""},"categories":[818],"tags":[103,1577,1371,72],"class_list":["post-36513","post","type-post","status-publish","format-standard","hentry","category-notes-de-premsa","tag-francia","tag-lio","tag-oficinas","tag-renfe-operadora","comments-off"],"_links":{"self":[{"href":"https:\/\/www.agrupament.cat\/portal\/wp-json\/wp\/v2\/posts\/36513","targetHints":{"allow":["GET"]}}],"collection":[{"href":"https:\/\/www.agrupament.cat\/portal\/wp-json\/wp\/v2\/posts"}],"about":[{"href":"https:\/\/www.agrupament.cat\/portal\/wp-json\/wp\/v2\/types\/post"}],"author":[{"embeddable":true,"href":"https:\/\/www.agrupament.cat\/portal\/wp-json\/wp\/v2\/users\/4"}],"replies":[{"embeddable":true,"href":"https:\/\/www.agrupament.cat\/portal\/wp-json\/wp\/v2\/comments?post=36513"}],"version-history":[{"count":2,"href":"https:\/\/www.agrupament.cat\/portal\/wp-json\/wp\/v2\/posts\/36513\/revisions"}],"predecessor-version":[{"id":36520,"href":"https:\/\/www.agrupament.cat\/portal\/wp-json\/wp\/v2\/posts\/36513\/revisions\/36520"}],"wp:attachment":[{"href":"https:\/\/www.agrupament.cat\/portal\/wp-json\/wp\/v2\/media?parent=36513"}],"wp:term":[{"taxonomy":"category","embeddable":true,"href":"https:\/\/www.agrupament.cat\/portal\/wp-json\/wp\/v2\/categories?post=36513"},{"taxonomy":"post_tag","embeddable":true,"href":"https:\/\/www.agrupament.cat\/portal\/wp-json\/wp\/v2\/tags?post=36513"}],"curies":[{"name":"wp","href":"https:\/\/api.w.org\/{rel}","templated":true}]}}