{"id":36370,"date":"2023-05-15T17:23:31","date_gmt":"2023-05-15T16:23:31","guid":{"rendered":"https:\/\/www.agrupament.cat\/portal\/?p=36370"},"modified":"2023-05-15T17:23:31","modified_gmt":"2023-05-15T16:23:31","slug":"fcaf-participa-en-la-fira-fede-rail-que-se-celebrara-a-saint-rambert-dalbon-franca","status":"publish","type":"post","link":"https:\/\/www.agrupament.cat\/portal\/2023\/05\/fcaf-participa-en-la-fira-fede-rail-que-se-celebrara-a-saint-rambert-dalbon-franca\/","title":{"rendered":"Fcaf. Participa en la Fira F\u00c9D\u00c9 RAIL, que se celebrar\u00e0 a SAINT-RAMBERT-D&#8217;ALBON (Fran\u00e7a)"},"content":{"rendered":"<p><strong>Els propers 27 i 28 de maig, representants de la Federaci\u00f3 Catalana d&#8217;Amics del Ferrocarril participaran en la Fira F\u00c9D\u00c9 RAIL, organitzada per la FEDERACI\u00d3 FRANCESA DE MODELISME FERROVIARI, en la poblaci\u00f3 de SAINT-RAMBERT-D&#8217;ALBON<\/strong><\/p>\n<p>La nostre associaci\u00f3 estar\u00e0 representada per el company ALBERT CARTAGENA VALLS , amb una maqueta modular del baixador de PE\u00d1AS BLANCAS , de la clausurada l\u00ednia de via m\u00e8trica de PUERTOLLANO a FUENTE DEL ARCO<\/p>\n<p>trobareu tota la informaci\u00f3 a: <a href=\"https:\/\/www.fcaf.cat\/portal\/fede-rail-2023\/\">https:\/\/www.fcaf.cat\/portal\/fede-rail-2023\/<\/a><\/p>\n<p>&nbsp;<\/p>\n<p>&nbsp;<\/p>\n","protected":false},"excerpt":{"rendered":"<p>Els propers 27 i 28 de maig, representants de la Federaci\u00f3 Catalana d&#8217;Amics del Ferrocarril participaran en la Fira F\u00c9D\u00c9<\/p>\n","protected":false},"author":4,"featured_media":36371,"comment_status":"closed","ping_status":"open","sticky":false,"template":"","format":"standard","meta":{"footnotes":""},"categories":[994,819],"tags":[1016,839,103,1447,5],"class_list":["post-36370","post","type-post","status-publish","format-standard","has-post-thumbnail","hentry","category-comunicats","category-modelisme","tag-fcaf","tag-fires-i-formacio","tag-francia","tag-h0m","tag-modelisme-i-accesoris","comments-off"],"_links":{"self":[{"href":"https:\/\/www.agrupament.cat\/portal\/wp-json\/wp\/v2\/posts\/36370","targetHints":{"allow":["GET"]}}],"collection":[{"href":"https:\/\/www.agrupament.cat\/portal\/wp-json\/wp\/v2\/posts"}],"about":[{"href":"https:\/\/www.agrupament.cat\/portal\/wp-json\/wp\/v2\/types\/post"}],"author":[{"embeddable":true,"href":"https:\/\/www.agrupament.cat\/portal\/wp-json\/wp\/v2\/users\/4"}],"replies":[{"embeddable":true,"href":"https:\/\/www.agrupament.cat\/portal\/wp-json\/wp\/v2\/comments?post=36370"}],"version-history":[{"count":1,"href":"https:\/\/www.agrupament.cat\/portal\/wp-json\/wp\/v2\/posts\/36370\/revisions"}],"predecessor-version":[{"id":36372,"href":"https:\/\/www.agrupament.cat\/portal\/wp-json\/wp\/v2\/posts\/36370\/revisions\/36372"}],"wp:featuredmedia":[{"embeddable":true,"href":"https:\/\/www.agrupament.cat\/portal\/wp-json\/wp\/v2\/media\/36371"}],"wp:attachment":[{"href":"https:\/\/www.agrupament.cat\/portal\/wp-json\/wp\/v2\/media?parent=36370"}],"wp:term":[{"taxonomy":"category","embeddable":true,"href":"https:\/\/www.agrupament.cat\/portal\/wp-json\/wp\/v2\/categories?post=36370"},{"taxonomy":"post_tag","embeddable":true,"href":"https:\/\/www.agrupament.cat\/portal\/wp-json\/wp\/v2\/tags?post=36370"}],"curies":[{"name":"wp","href":"https:\/\/api.w.org\/{rel}","templated":true}]}}