{"id":36249,"date":"2022-09-10T20:18:46","date_gmt":"2022-09-10T19:18:46","guid":{"rendered":"https:\/\/www.agrupament.cat\/portal\/?p=36249"},"modified":"2022-09-10T20:18:46","modified_gmt":"2022-09-10T19:18:46","slug":"la-xarxa-de-metro-recupera-el-100-del-passatge-dabans-de-la-pandemia","status":"publish","type":"post","link":"https:\/\/www.agrupament.cat\/portal\/2022\/09\/la-xarxa-de-metro-recupera-el-100-del-passatge-dabans-de-la-pandemia\/","title":{"rendered":"La xarxa de metro recupera el 100% del passatge d\u2019abans de la pand\u00e8mia"},"content":{"rendered":"<p>10 de setembre del 2022<br \/>\n<strong>Les xarxes de metro i autobusos de Transports Metropolitans de Barcelona continuen el seu proc\u00e9s de recuperaci\u00f3 de passatge. Des del setembre, Metro ha superat alguns dies la demanda del 2019 i Bus ha arribat al 90% de recuperaci\u00f3 en alguns dies laborables.<\/strong><\/p>\n<p>La xarxa de metro ha recuperat el 100% del passatge que hi havia abans de la pand\u00e8mia, amb nivells de passatge similars, i en molts dies superiors, als de l\u2019any 2019. Com a exemple, el passat 1 de setembre es van registrar un 5% m\u00e9s de validacions que l\u2019any 2019 (prenent com a refer\u00e8ncia un dia equivalent). El 7 de setembre, amb un 3,3% m\u00e9s de validacions respecte a l\u2019any 2019, es va arribar a 1,175 milions de viatges, mentre que el 8 de setembre van ser 1,154 milions de viatges.<\/p>\n<p>S\u2019ha assolit aix\u00ed un objectiu perseguit des de fa mesos. De fet, s\u2019est\u00e0 absorbint aquest passatge amb millors condicions que l\u2019any 2019, fins i tot a les hores punta. Aix\u00f2 \u00e9s possible perqu\u00e8 l\u2019oferta de trens actual \u00e9s la m\u00e0xima de la hist\u00f2ria de metro. L\u2019any 2019 circulaven en hora punta 155 trens. Actualment es posen en servei 166. Els increments es concentren principalment a les l\u00ednies 1 i 5, les que suporten un major nombre de passatgers.<\/p>\n<p>Aquesta major disponibilitat del nombre de trens representa un gran esfor\u00e7 de manteniment, que es realitza seguint un criteri de manteniment de cicle llarg, posant di\u00e0riament en circulaci\u00f3 tot el material m\u00f2bil disponible. La majoria de xarxes de metro mantenen entorn un 12% dels seus trens en ret\u00e9n, duent a terme un manteniment de cicle curt.<\/p>\n<p>A la xarxa d\u2019autobusos, la demanda se situa entorn de les 600.000 validacions di\u00e0ries. El dimecres d\u2019aquesta setmana es va arribar a les 623.000, el que situa una recuperaci\u00f3 del 90% respecte al 2019. L\u2019oferta de bus actual \u00e9s l\u2019equivalent al 100% dels serveis en temporada d\u2019hivern, amb m\u00e9s de 900 vehicles al carrer.<\/p>\n<p>La presidenta de TMB Laia Bonet destaca aquesta recuperaci\u00f3 del nombre de viatgers previ a l\u2019esclat de la pand\u00e8mia: \u201cel transport p\u00fablic va ser un dels grans afectats despr\u00e9s del confinament i des d\u2019aleshores hem tingut una recuperaci\u00f3 progressiva\u201d. Aquest creixement de la demanda a les xarxes de TMB \u201c\u00e9s un pas m\u00e9s per consolidar el transport p\u00fablic com a principal resposta a les necessitats de mobilitat de la ciutadania\u201d. En aquest sentit, tamb\u00e9 ha fet \u00e8mfasi en la bona valoraci\u00f3 que els usuaris donen al servei de les xarxes de transport p\u00fablic de TMB en un moment en el qual s\u2019est\u00e0 oferint l\u2019oferta m\u00e9s gran de la hist\u00f2ria tant en metro com en bus.<\/p>\n<p><strong>Vendes de t\u00edtols bonificats<\/strong><br \/>\nLes vendes d\u2019abonaments han continuat creixent des de la posada en marxa de les tarifes redu\u00efdes el passat 1 de setembre i ja superen els 950.000 t\u00edtols venuts per TMB. La venda de la T-usual segueix incrementant-se exponencialment. S\u2019han venut ja des de l\u20191 de setembre quasi 200.000 abonaments i ja suposa un 20% de les vendes, havent multiplicat per tres les vendes equivalents en els mateixos dies d\u2019un mes ordinari abans de la bonificaci\u00f3. Es mant\u00e9 la T-casual com el t\u00edtol m\u00e9s venut i representa el 31% del total dels abonaments venuts, amb un total de 300.000, el que representa 1,4 vegades m\u00e9s. La T-jove ha multiplicat fins a 7 vegades les seves vendes. El 98,5% de les vendes s\u2019han realitzat mitjan\u00e7ant les distribu\u00efdores i els canals digitals de TMB.<\/p>\n","protected":false},"excerpt":{"rendered":"<p>10 de setembre del 2022 Les xarxes de metro i autobusos de Transports Metropolitans de Barcelona continuen el seu proc\u00e9s<\/p>\n","protected":false},"author":4,"featured_media":36148,"comment_status":"closed","ping_status":"open","sticky":false,"template":"","format":"standard","meta":{"footnotes":""},"categories":[818],"tags":[111,225,921,1453,1078,56],"class_list":["post-36249","post","type-post","status-publish","format-standard","has-post-thumbnail","hentry","category-notes-de-premsa","tag-bus","tag-metro","tag-pasajeros","tag-recuperacion","tag-titols-multiviatge","tag-metro-barcelona-tmb","comments-off"],"_links":{"self":[{"href":"https:\/\/www.agrupament.cat\/portal\/wp-json\/wp\/v2\/posts\/36249","targetHints":{"allow":["GET"]}}],"collection":[{"href":"https:\/\/www.agrupament.cat\/portal\/wp-json\/wp\/v2\/posts"}],"about":[{"href":"https:\/\/www.agrupament.cat\/portal\/wp-json\/wp\/v2\/types\/post"}],"author":[{"embeddable":true,"href":"https:\/\/www.agrupament.cat\/portal\/wp-json\/wp\/v2\/users\/4"}],"replies":[{"embeddable":true,"href":"https:\/\/www.agrupament.cat\/portal\/wp-json\/wp\/v2\/comments?post=36249"}],"version-history":[{"count":1,"href":"https:\/\/www.agrupament.cat\/portal\/wp-json\/wp\/v2\/posts\/36249\/revisions"}],"predecessor-version":[{"id":36250,"href":"https:\/\/www.agrupament.cat\/portal\/wp-json\/wp\/v2\/posts\/36249\/revisions\/36250"}],"wp:featuredmedia":[{"embeddable":true,"href":"https:\/\/www.agrupament.cat\/portal\/wp-json\/wp\/v2\/media\/36148"}],"wp:attachment":[{"href":"https:\/\/www.agrupament.cat\/portal\/wp-json\/wp\/v2\/media?parent=36249"}],"wp:term":[{"taxonomy":"category","embeddable":true,"href":"https:\/\/www.agrupament.cat\/portal\/wp-json\/wp\/v2\/categories?post=36249"},{"taxonomy":"post_tag","embeddable":true,"href":"https:\/\/www.agrupament.cat\/portal\/wp-json\/wp\/v2\/tags?post=36249"}],"curies":[{"name":"wp","href":"https:\/\/api.w.org\/{rel}","templated":true}]}}