{"id":35964,"date":"2022-06-08T23:46:18","date_gmt":"2022-06-08T22:46:18","guid":{"rendered":"https:\/\/www.agrupament.cat\/portal\/?p=35964"},"modified":"2022-06-08T23:46:18","modified_gmt":"2022-06-08T22:46:18","slug":"el-regreso-de-la-locomotora-de-la-antigua-factoria-de-la-maquinista","status":"publish","type":"post","link":"https:\/\/www.agrupament.cat\/portal\/2022\/06\/el-regreso-de-la-locomotora-de-la-antigua-factoria-de-la-maquinista\/","title":{"rendered":"El regreso de la locomotora de la antigua factor\u00eda de La Maquinista"},"content":{"rendered":"<p>La memoria de la que fue una de las mayores f\u00e1bricas de Barcelona, La Maquinista Terrestre y Mar\u00edtima (MTM), en Sant Andreu, tendr\u00e1 un nuevo elemento que ayudar\u00e1 a su preservaci\u00f3n. Una locomotora de tren fabricada en esa factor\u00eda en 1963 se instalar\u00e1 junto al peque\u00f1o pabell\u00f3n que hoy alberga el museo impulsado por sus antiguos trabajadores. En el terreno en el que estuvo el recinto industrial, que dej\u00f3 de funcionar en 1994 y fue derribado en 1998, hoy hay un gran centro comercial, varios bloques de viviendas y un parque donde se encuentra el equipamiento que vela por ese legado fabril. La previsi\u00f3n es que el veh\u00edculo est\u00e9 en su nuevo emplazamiento antes de que acabe el a\u00f1o.<\/p>\n<p>M\u00e1s informaci\u00f3n: <span style=\"color: #000000;\"><strong><a style=\"color: #000000;\" href=\"https:\/\/www.msn.com\/es-es\/noticias\/espana\/el-regreso-de-la-locomotora-de-la-antigua-factor\u00eda-de-la-maquinista\/ar-AAYc3AG\">www.msn.com<\/a><\/strong><\/span><\/p>\n<p>&nbsp;<\/p>\n","protected":false},"excerpt":{"rendered":"<p>La memoria de la que fue una de las mayores f\u00e1bricas de Barcelona, La Maquinista Terrestre y Mar\u00edtima (MTM), en<\/p>\n","protected":false},"author":4,"featured_media":0,"comment_status":"closed","ping_status":"open","sticky":false,"template":"","format":"standard","meta":{"footnotes":""},"categories":[848],"tags":[1133,1517,982,1516,2],"class_list":["post-35964","post","type-post","status-publish","format-standard","hentry","category-mitjans-de-comunicacio","tag-diesel","tag-emplazamiento","tag-locomotora","tag-mtm","tag-sant-andreu-districte","comments-off"],"_links":{"self":[{"href":"https:\/\/www.agrupament.cat\/portal\/wp-json\/wp\/v2\/posts\/35964","targetHints":{"allow":["GET"]}}],"collection":[{"href":"https:\/\/www.agrupament.cat\/portal\/wp-json\/wp\/v2\/posts"}],"about":[{"href":"https:\/\/www.agrupament.cat\/portal\/wp-json\/wp\/v2\/types\/post"}],"author":[{"embeddable":true,"href":"https:\/\/www.agrupament.cat\/portal\/wp-json\/wp\/v2\/users\/4"}],"replies":[{"embeddable":true,"href":"https:\/\/www.agrupament.cat\/portal\/wp-json\/wp\/v2\/comments?post=35964"}],"version-history":[{"count":1,"href":"https:\/\/www.agrupament.cat\/portal\/wp-json\/wp\/v2\/posts\/35964\/revisions"}],"predecessor-version":[{"id":35965,"href":"https:\/\/www.agrupament.cat\/portal\/wp-json\/wp\/v2\/posts\/35964\/revisions\/35965"}],"wp:attachment":[{"href":"https:\/\/www.agrupament.cat\/portal\/wp-json\/wp\/v2\/media?parent=35964"}],"wp:term":[{"taxonomy":"category","embeddable":true,"href":"https:\/\/www.agrupament.cat\/portal\/wp-json\/wp\/v2\/categories?post=35964"},{"taxonomy":"post_tag","embeddable":true,"href":"https:\/\/www.agrupament.cat\/portal\/wp-json\/wp\/v2\/tags?post=35964"}],"curies":[{"name":"wp","href":"https:\/\/api.w.org\/{rel}","templated":true}]}}