{"id":35850,"date":"2022-05-19T10:07:59","date_gmt":"2022-05-19T09:07:59","guid":{"rendered":"https:\/\/www.agrupament.cat\/portal\/?p=35850"},"modified":"2022-05-19T10:07:59","modified_gmt":"2022-05-19T09:07:59","slug":"ferrocarrils-restablira-dema-dijous-el-servei-de-trens-entre-les-estacions-de-sant-boi-i-moli-nou","status":"publish","type":"post","link":"https:\/\/www.agrupament.cat\/portal\/2022\/05\/ferrocarrils-restablira-dema-dijous-el-servei-de-trens-entre-les-estacions-de-sant-boi-i-moli-nou\/","title":{"rendered":"Ferrocarrils restablir\u00e0 dem\u00e0 dijous el servei de trens entre les estacions de Sant Boi i Mol\u00ed Nou"},"content":{"rendered":"<p><strong>\u2022 El restabliment del servei requereix un tall de subministrament el\u00e8ctric a la l\u00ednia que es far\u00e0 aquesta nit, fora de l&#8217;horari comercial, per minimitzar l&#8217;afectaci\u00f3 als viatgers<\/strong><\/p>\n<p>Ferrocarrils de la Generalitat de Catalunya (FGC) restablir\u00e0 dem\u00e0 dijous, des de l\u2019inici del servei, la circulaci\u00f3 de trens entre les estacions de Sant Boi i Mol\u00ed Nou i els trens funcionaran en tot el recorregut de la l\u00ednia Llobregat-Anoia. La complexitat dels treballs per a retirar el tren de viatgers i la tremuja afectada han allargat els temps previstos per a l\u2019avan\u00e7ament de les feines de restabliment.<\/p>\n<p>En aquest sentit, per poder finalitzar l\u2019actuaci\u00f3, cal tallar durant un temps aproximat d\u2019una hora el subministrament el\u00e8ctric a part de la l\u00ednia per a fer les connexions de caten\u00e0ria entre el tram afectat i els trams en servei. Aquesta tasca es podria fer avui, per\u00f2 aix\u00f2 implicaria augmentar el servei substitutori per carretera que es fa actualment i fer-lo entre les estacions de Cornell\u00e0 Riera i Col\u00f2nia G\u00fcell, amb el conseq\u00fcent augment d\u2019estacions i persones afectades. Davant d\u2019aix\u00f2, i per minimitzar aquesta afectaci\u00f3, s\u2019ha decidit fer el tall de subministrament el\u00e8ctric durant la nit, fora de l\u2019horari comercial, i programar la represa normal del servei dem\u00e0 amb el primer tren.<\/p>\n<p>Ferrocarrils continuar\u00e0 treballant avui en les tasques per posar a punt la infraestructura i en la retirada del tren de passatgers.<\/p>\n<p>Durant el dia d\u2019avui, els trens circularan entre Pl. Espanya i Sant Boi i entre Mol\u00ed Nou i Igualada i Manresa. Entre Sant Boi i Mol\u00ed Nou es continuar\u00e0 oferint servei alternatiu per carretera.<br \/>\n18 de maig de 2022<\/p>\n","protected":false},"excerpt":{"rendered":"<p>\u2022 El restabliment del servei requereix un tall de subministrament el\u00e8ctric a la l\u00ednia que es far\u00e0 aquesta nit, fora<\/p>\n","protected":false},"author":4,"featured_media":0,"comment_status":"closed","ping_status":"open","sticky":false,"template":"","format":"standard","meta":{"footnotes":""},"categories":[818],"tags":[47,105,583,765],"class_list":["post-35850","post","type-post","status-publish","format-standard","hentry","category-notes-de-premsa","tag-fgc-ferrocarrils-de-la-generalitat-de-catalunya","tag-linea-llobregat-anoia","tag-restabliment-del-servei","tag-sant-boi-de-llobregat","comments-off"],"_links":{"self":[{"href":"https:\/\/www.agrupament.cat\/portal\/wp-json\/wp\/v2\/posts\/35850","targetHints":{"allow":["GET"]}}],"collection":[{"href":"https:\/\/www.agrupament.cat\/portal\/wp-json\/wp\/v2\/posts"}],"about":[{"href":"https:\/\/www.agrupament.cat\/portal\/wp-json\/wp\/v2\/types\/post"}],"author":[{"embeddable":true,"href":"https:\/\/www.agrupament.cat\/portal\/wp-json\/wp\/v2\/users\/4"}],"replies":[{"embeddable":true,"href":"https:\/\/www.agrupament.cat\/portal\/wp-json\/wp\/v2\/comments?post=35850"}],"version-history":[{"count":1,"href":"https:\/\/www.agrupament.cat\/portal\/wp-json\/wp\/v2\/posts\/35850\/revisions"}],"predecessor-version":[{"id":35851,"href":"https:\/\/www.agrupament.cat\/portal\/wp-json\/wp\/v2\/posts\/35850\/revisions\/35851"}],"wp:attachment":[{"href":"https:\/\/www.agrupament.cat\/portal\/wp-json\/wp\/v2\/media?parent=35850"}],"wp:term":[{"taxonomy":"category","embeddable":true,"href":"https:\/\/www.agrupament.cat\/portal\/wp-json\/wp\/v2\/categories?post=35850"},{"taxonomy":"post_tag","embeddable":true,"href":"https:\/\/www.agrupament.cat\/portal\/wp-json\/wp\/v2\/tags?post=35850"}],"curies":[{"name":"wp","href":"https:\/\/api.w.org\/{rel}","templated":true}]}}