{"id":35720,"date":"2022-05-10T10:47:00","date_gmt":"2022-05-10T09:47:00","guid":{"rendered":"https:\/\/www.agrupament.cat\/portal\/?p=35720"},"modified":"2022-05-10T10:47:00","modified_gmt":"2022-05-10T09:47:00","slug":"latm-aprova-les-noves-denominacions-de-21-estacions-ferroviaries","status":"publish","type":"post","link":"https:\/\/www.agrupament.cat\/portal\/2022\/05\/latm-aprova-les-noves-denominacions-de-21-estacions-ferroviaries\/","title":{"rendered":"L\u2019ATM aprova les noves denominacions de 21 estacions ferrovi\u00e0ries"},"content":{"rendered":"<p><strong>\u2022 20 estacions actuals de metro, FGC, Rodalies i TRAM canviaran la seva denominaci\u00f3<\/strong><br \/>\n<strong>\u2022 Santa Perp\u00e8tua de Mogoda tindr\u00e0 una estaci\u00f3 nova que s\u2019anomenar\u00e0 Santa Perp\u00e8tua de Mogoda Riera de Caldes<\/strong><\/p>\n<p>09\/05\/2022 L\u2019ATM ha aprovat noves denominacions d\u2019estacions ferrovi\u00e0ries, seguint les recomanacions de la seva Comissi\u00f3 de Nomenclatura. Aquesta comissi\u00f3 reuneix Administracions i operadors del transport per coordinar la nomenclatura de la xarxa de transport p\u00fablic. Compta amb l\u2019assessorament de l\u2019Institut d\u2019Estudis Catalans i escolta el parer de totes les administracions concernides a cada proposta.<\/p>\n<p><strong>A banda de decidir el nom de les noves estacions, l\u2019ATM ha iniciat un proc\u00e9s de revisi\u00f3 de les denominacions actuals que t\u00e9 2 l\u00ednies de treball:<\/strong><br \/>\n<strong>1. Donar sentit a tota la xarxa de transport p\u00fablic<\/strong> ferroviari com un sistema integrat, de manera que:<br \/>\na. Les estacions d\u2019enlla\u00e7 tinguin el mateix nom encara que siguin d\u2019operadors diferents.<br \/>\nb. No hi hagi dues estacions no enlla\u00e7ades que tinguin el mateix nom.<br \/>\nEl prop\u00f2sit \u00e9s evitar confusions entre els usuaris. Denominacions diferents per a estacions no vinculades i denominacions coincidents per a estacions vinculades.<br \/>\n<strong>2. Adequar millor la denominaci\u00f3 de determinades estacions<\/strong> a la realitat del lloc on es troben, especialment si hi ha reivindicacions ve\u00efnals o municipals en aquest sentit.<\/p>\n<p><strong>En aplicaci\u00f3 d\u2019aquests criteris, l\u2019\u00faltima tongada de denominacions aprovades \u00e9s la seg\u00fcent:<\/strong><br \/>\n<strong>1. Unificaci\u00f3 de noms d\u2019estacions intermodals:<\/strong><br \/>\n<strong>&#8211; 1.1.<\/strong> Les estacions Fabra i Puig de metro i Sant Andreu Arenal de Rodalies s\u2019unifiquen en Fabra i Puig. Per tant, es modifica la denominaci\u00f3 de l\u2019estaci\u00f3 de Rodalies.<br \/>\n<strong>&#8211; 1.2.<\/strong> Les estacions Sant Andreu de metro i Sant Andreu Comtal de Rodalies s\u2019unifiquen en Sant Andreu. Per tant, es modifica la denominaci\u00f3 de l\u2019estaci\u00f3 de Rodalies.<br \/>\n<strong>&#8211; 1.3.<\/strong> Les estacions Clot de metro i Clot-Arag\u00f3 de Rodalies s\u2019unifiquen en El Clot. Per tant, es modifiquen totes dues denominacions.<br \/>\n<strong>&#8211; 1.4.<\/strong> Les estacions Terrassa Estaci\u00f3 del Nord de FGC i Terrassa de Rodalies s\u2019unifiquen en Terrassa Estaci\u00f3 del Nord. Per tant, es modifica la denominaci\u00f3 de l\u2019estaci\u00f3 de Rodalies.<br \/>\n<strong>&#8211; 1.5.<\/strong> Les estacions Martorell Central de FGC i Martorell de Rodalies s\u2019unifiquen en Martorell Central. Per tant, es modifica la denominaci\u00f3 de l\u2019estaci\u00f3 de Rodalies.<br \/>\n<strong>&#8211; 1.6.<\/strong> Les estacions Torre Bar\u00f3 | Vallbona de metro i Torre Bar\u00f3 de Rodalies s\u2019unifiquen en Torre Bar\u00f3 | Vallbona. Per tant, es modifica la denominaci\u00f3 de l\u2019estaci\u00f3 de Rodalies.<br \/>\n<strong>2. Diferenciaci\u00f3 d\u2019estacions no enlla\u00e7ades:<\/strong><br \/>\n<strong>&#8211; 2.1.<\/strong> Les estacions Bellvitge de metro i de Rodalies passen a denominar-se, respectivament, Bellvitge Rambla Marina i Bellvitge | Gornal.<br \/>\n<strong>&#8211; 2.2.<\/strong> Les estacions Rub\u00ed de FGC i de Rodalies passen a denominar-se, respectivament, Rub\u00ed Centre i Rub\u00ed Can Vallhonrat.<br \/>\n<strong>&#8211; 2.3.<\/strong> Les estacions Sant Cugat de FGC i de Rodalies passen a denominar-se, respectivament, Sant Cugat Centre i Sant Cugat Coll Fav\u00e0.<br \/>\n<strong>&#8211; 2.4.<\/strong> L\u2019estaci\u00f3 Santa Perp\u00e8tua de Mogoda de Rodalies passa a denominar-se Santa Perp\u00e8tua de Mogoda La Florida. La nova estaci\u00f3 de Rodalies que s\u2019obrir\u00e0 a Santa Perp\u00e8tua es denominar\u00e0 Santa Perp\u00e8tua de Mogoda Riera de Caldes.<br \/>\n<strong>3. Adequaci\u00f3 a la realitat del lloc:<\/strong><br \/>\n<strong>&#8211; 3.1.<\/strong> L\u2019estaci\u00f3 de metro Drassanes passa a denominar-se La Rambla | Drassanes.<br \/>\n<strong>&#8211; 3.2.<\/strong> L\u2019estaci\u00f3 de metro Vall d\u2019Hebron passa a denominar-se Vall d\u2019Hebron | Sant Gen\u00eds.<br \/>\n<strong>&#8211; 3.3.<\/strong> L\u2019estaci\u00f3 de metro Llucmajor passa a denominar-se Llucmajor | Rep\u00fablica.<br \/>\n<strong>&#8211; 3.4<\/strong>. L\u2019estaci\u00f3 de metro Congr\u00e9s passa a denominar-se Congr\u00e9s | Indians.<br \/>\n<strong>&#8211; 3.5.<\/strong> La parada de Tram Wellington passa a denominar-se Wellington | UPF.<\/p>\n<p>En resum, els esmentats canvis ordenats per operador s\u00f3n els seg\u00fcents:<br \/>\nESTACIONS FERROVI\u00c0RIES<\/p>\n<table style=\"border-collapse: collapse; width: 62.0662%; height: 528px;\">\n<tbody>\n<tr style=\"height: 24px;\">\n<td style=\"width: 21.711%; height: 24px; text-align: center;\"><span style=\"color: #339966;\"><strong>Nom actual<\/strong><\/span><\/td>\n<td style=\"width: 27.2801%; height: 24px; text-align: center;\"><span style=\"color: #ff0000;\"><strong>NOU NOM<\/strong><\/span><\/td>\n<td style=\"width: 13.075%; height: 24px; text-align: center;\"><strong>Operador<\/strong><\/td>\n<\/tr>\n<tr style=\"height: 24px;\">\n<td style=\"width: 21.711%; height: 24px;\">Rub\u00ed<\/td>\n<td style=\"width: 27.2801%; height: 24px;\">Rub\u00ed Centre<\/td>\n<td style=\"width: 13.075%; height: 24px; text-align: center;\"><span style=\"color: #339966;\">FGC<\/span><\/td>\n<\/tr>\n<tr style=\"height: 24px;\">\n<td style=\"width: 21.711%; height: 24px;\">Sant Cugat<\/td>\n<td style=\"width: 27.2801%; height: 24px;\">Sant Cugat Centre<\/td>\n<td style=\"width: 13.075%; height: 24px; text-align: center;\"><span style=\"color: #339966;\">FGC<\/span><\/td>\n<\/tr>\n<tr style=\"height: 24px;\">\n<td style=\"width: 21.711%; height: 24px;\">Bellvitge<\/td>\n<td style=\"width: 27.2801%; height: 24px;\">Bellvitge Rambla\u00a0Marina<\/td>\n<td style=\"width: 13.075%; height: 24px; text-align: center;\"><span style=\"color: #ff0000;\">FMB<\/span><\/td>\n<\/tr>\n<tr style=\"height: 24px;\">\n<td style=\"width: 21.711%; height: 24px;\">Drassanes<\/td>\n<td style=\"width: 27.2801%; height: 24px;\">La Rambla \/ Drassanes<\/td>\n<td style=\"width: 13.075%; height: 24px; text-align: center;\"><span style=\"color: #ff0000;\">FMB<\/span><\/td>\n<\/tr>\n<tr style=\"height: 24px;\">\n<td style=\"width: 21.711%; height: 24px;\">Clot<\/td>\n<td style=\"width: 27.2801%; height: 24px;\">\u00a0El Clot<\/td>\n<td style=\"width: 13.075%; height: 24px; text-align: center;\"><span style=\"color: #ff0000;\">FMB<\/span><\/td>\n<\/tr>\n<tr style=\"height: 24px;\">\n<td style=\"width: 21.711%; height: 24px;\">Congr\u00e9s<\/td>\n<td style=\"width: 27.2801%; height: 24px;\">Congr\u00e9s \/\u00a0 Indians<\/td>\n<td style=\"width: 13.075%; height: 24px; text-align: center;\"><span style=\"color: #ff0000;\">FMB<\/span><\/td>\n<\/tr>\n<tr style=\"height: 24px;\">\n<td style=\"width: 21.711%; height: 24px;\">Llucmajor<\/td>\n<td style=\"width: 27.2801%; height: 24px;\">Llucmajor \/ Rep\u00fablica<\/td>\n<td style=\"width: 13.075%; height: 24px; text-align: center;\"><span style=\"color: #ff0000;\">FMB<\/span><\/td>\n<\/tr>\n<tr style=\"height: 24px;\">\n<td style=\"width: 21.711%; height: 24px;\">Vall d\u2019Hebron<\/td>\n<td style=\"width: 27.2801%; height: 24px;\">Vall d\u2019Hebron \/ Sant Gen\u00eds<\/td>\n<td style=\"width: 13.075%; height: 24px; text-align: center;\"><span style=\"color: #ff0000;\">\u00a0FMB<\/span><\/td>\n<\/tr>\n<tr style=\"height: 24px;\">\n<td style=\"width: 21.711%; height: 24px;\">\u00a0Bellvitge<\/td>\n<td style=\"width: 27.2801%; height: 24px;\">Bellvitge \/\u00a0 Gornal<\/td>\n<td style=\"width: 13.075%; height: 24px; text-align: center;\"><span style=\"color: #ff6600;\">Rodalies ADIF<\/span><\/td>\n<\/tr>\n<tr style=\"height: 24px;\">\n<td style=\"width: 21.711%; height: 24px;\">Clot-Arag\u00f3*<\/td>\n<td style=\"width: 27.2801%; height: 24px;\">Barcelona El Clot<\/td>\n<td style=\"width: 13.075%; height: 24px; text-align: center;\"><span style=\"color: #ff6600;\">Rodalies ADIF<\/span><\/td>\n<\/tr>\n<tr style=\"height: 24px;\">\n<td style=\"width: 21.711%; height: 24px;\">Martorell<\/td>\n<td style=\"width: 27.2801%; height: 24px;\">Martorell Central<\/td>\n<td style=\"width: 13.075%; height: 24px; text-align: center;\"><span style=\"color: #ff6600;\">Rodalies ADIF<\/span><\/td>\n<\/tr>\n<tr style=\"height: 24px;\">\n<td style=\"width: 21.711%; height: 24px;\">Rub\u00ed<\/td>\n<td style=\"width: 27.2801%; height: 24px;\">Rub\u00ed Can Vallhonrat<\/td>\n<td style=\"width: 13.075%; height: 24px; text-align: center;\"><span style=\"color: #ff6600;\">Rodalies ADIF<\/span><\/td>\n<\/tr>\n<tr style=\"height: 24px;\">\n<td style=\"width: 21.711%; height: 24px;\">Sant Andreu Arenal*<\/td>\n<td style=\"width: 27.2801%; height: 24px;\">Barcelona Fabra i Puig<\/td>\n<td style=\"width: 13.075%; height: 24px; text-align: center;\"><span style=\"color: #ff6600;\">Rodalies ADIF<\/span><\/td>\n<\/tr>\n<tr style=\"height: 24px;\">\n<td style=\"width: 21.711%; height: 24px;\">Sant Andreu Comtal*<\/td>\n<td style=\"width: 27.2801%; height: 24px;\">Barcelona Sant Andreu<\/td>\n<td style=\"width: 13.075%; height: 24px; text-align: center;\"><span style=\"color: #ff6600;\">Rodalies ADIF<\/span><\/td>\n<\/tr>\n<tr style=\"height: 24px;\">\n<td style=\"width: 21.711%; height: 24px;\">Sant Cugat del Vall\u00e8s<\/td>\n<td style=\"width: 27.2801%; height: 24px;\">Sant Cugat Coll Fav\u00e0<\/td>\n<td style=\"width: 13.075%; height: 24px; text-align: center;\"><span style=\"color: #ff6600;\">Rodalies ADIF<\/span><\/td>\n<\/tr>\n<tr style=\"height: 24px;\">\n<td style=\"width: 21.711%; height: 24px;\">Sant Mart\u00ed de Centelles<\/td>\n<td style=\"width: 27.2801%; height: 24px;\">Sant Mart\u00ed de Centelles &#8211; Aiguafreda<\/td>\n<td style=\"width: 13.075%; height: 24px; text-align: center;\"><span style=\"color: #ff6600;\">Rodalies ADIF<\/span><\/td>\n<\/tr>\n<tr style=\"height: 24px;\">\n<td style=\"width: 21.711%; height: 24px;\">Santa Perp\u00e8tua de Mogoda<\/td>\n<td style=\"width: 27.2801%; height: 24px;\">Santa Perp\u00e8tua de Mogoda La Florida<\/td>\n<td style=\"width: 13.075%; height: 24px; text-align: center;\"><span style=\"color: #ff6600;\">Rodalies\u00a0 ADIF<\/span><\/td>\n<\/tr>\n<tr style=\"height: 24px;\">\n<td style=\"width: 21.711%; height: 24px;\">(futura estaci\u00f3)<\/td>\n<td style=\"width: 27.2801%; height: 24px;\">Santa Perp\u00e8tua de Mogoda Riera de Caldes<\/td>\n<td style=\"width: 13.075%; height: 24px; text-align: center;\"><span style=\"color: #ff6600;\">Rodalies ADIF<\/span><\/td>\n<\/tr>\n<tr style=\"height: 24px;\">\n<td style=\"width: 21.711%; height: 24px;\">Terrassa<\/td>\n<td style=\"width: 27.2801%; height: 24px;\">Terrassa Estaci\u00f3 del Nord<\/td>\n<td style=\"width: 13.075%; height: 24px; text-align: center;\"><span style=\"color: #ff6600;\">Rodalies\u00a0 ADIF<\/span><\/td>\n<\/tr>\n<tr style=\"height: 24px;\">\n<td style=\"width: 21.711%; height: 24px;\">Torre del Bar\u00f3*<\/td>\n<td style=\"width: 27.2801%; height: 24px;\">Torre Bar\u00f3 \/ Vallbona<\/td>\n<td style=\"width: 13.075%; height: 24px; text-align: center;\"><span style=\"color: #ff6600;\">\u00a0Rodalies\u00a0 ADIF<\/span><\/td>\n<\/tr>\n<tr style=\"height: 24px;\">\n<td style=\"width: 21.711%; height: 24px;\">Wellington<\/td>\n<td style=\"width: 27.2801%; height: 24px;\">Wellington \/ UPF<\/td>\n<td style=\"width: 13.075%; height: 24px; text-align: center;\"><span style=\"color: #008000;\">TRAM<\/span><\/td>\n<\/tr>\n<\/tbody>\n<\/table>\n<p><em><strong>\u00a0* les estacions dins del municipi de Barcelona s\u00f3n anomenades internament per l\u2019operador Rodalies de Catalunya Renfe anteposant Barcelona. Exemple: Barcelona Clot-Arag\u00f3, passar\u00e0 a ser Barcelona El Clot.<\/strong><\/em><br \/>\nLa substituci\u00f3 dels noms en la senyalitzaci\u00f3 i el material informatiu ser\u00e0 progressiva, aprofitant al m\u00e0xim les sinergies que pugui haver-hi amb altres actuacions per tal de minimitzar els costos.<\/p>\n<p><a href=\"https:\/\/www.agrupament.cat\/portal\/wp-content\/uploads\/2022\/05\/Canvis-noms-estacions-ferroviaries-ATM-2022.pdf\">Canvis noms estacions ferrovi\u00e0ries ATM 2022<\/a><\/p>\n","protected":false},"excerpt":{"rendered":"<p>\u2022 20 estacions actuals de metro, FGC, Rodalies i TRAM canviaran la seva denominaci\u00f3 \u2022 Santa Perp\u00e8tua de Mogoda tindr\u00e0<\/p>\n","protected":false},"author":4,"featured_media":35723,"comment_status":"closed","ping_status":"open","sticky":false,"template":"","format":"standard","meta":{"footnotes":""},"categories":[818],"tags":[104,35,43,44,56,57],"class_list":["post-35720","post","type-post","status-publish","format-standard","has-post-thumbnail","hentry","category-notes-de-premsa","tag-atm","tag-barcelona","tag-estacions","tag-rodalies-cercanias","tag-metro-barcelona-tmb","tag-tram","comments-off"],"_links":{"self":[{"href":"https:\/\/www.agrupament.cat\/portal\/wp-json\/wp\/v2\/posts\/35720","targetHints":{"allow":["GET"]}}],"collection":[{"href":"https:\/\/www.agrupament.cat\/portal\/wp-json\/wp\/v2\/posts"}],"about":[{"href":"https:\/\/www.agrupament.cat\/portal\/wp-json\/wp\/v2\/types\/post"}],"author":[{"embeddable":true,"href":"https:\/\/www.agrupament.cat\/portal\/wp-json\/wp\/v2\/users\/4"}],"replies":[{"embeddable":true,"href":"https:\/\/www.agrupament.cat\/portal\/wp-json\/wp\/v2\/comments?post=35720"}],"version-history":[{"count":2,"href":"https:\/\/www.agrupament.cat\/portal\/wp-json\/wp\/v2\/posts\/35720\/revisions"}],"predecessor-version":[{"id":35724,"href":"https:\/\/www.agrupament.cat\/portal\/wp-json\/wp\/v2\/posts\/35720\/revisions\/35724"}],"wp:featuredmedia":[{"embeddable":true,"href":"https:\/\/www.agrupament.cat\/portal\/wp-json\/wp\/v2\/media\/35723"}],"wp:attachment":[{"href":"https:\/\/www.agrupament.cat\/portal\/wp-json\/wp\/v2\/media?parent=35720"}],"wp:term":[{"taxonomy":"category","embeddable":true,"href":"https:\/\/www.agrupament.cat\/portal\/wp-json\/wp\/v2\/categories?post=35720"},{"taxonomy":"post_tag","embeddable":true,"href":"https:\/\/www.agrupament.cat\/portal\/wp-json\/wp\/v2\/tags?post=35720"}],"curies":[{"name":"wp","href":"https:\/\/api.w.org\/{rel}","templated":true}]}}