{"id":35662,"date":"2022-05-04T15:58:32","date_gmt":"2022-05-04T14:58:32","guid":{"rendered":"https:\/\/www.agrupament.cat\/portal\/?p=35662"},"modified":"2022-05-04T15:59:57","modified_gmt":"2022-05-04T14:59:57","slug":"el-gobierno-consolida-la-transformacion-digital-de-adif-con-una-inversion-de-218-millones-de-euros","status":"publish","type":"post","link":"https:\/\/www.agrupament.cat\/portal\/2022\/05\/el-gobierno-consolida-la-transformacion-digital-de-adif-con-una-inversion-de-218-millones-de-euros\/","title":{"rendered":"El Gobierno consolida la transformaci\u00f3n digital de Adif con una inversi\u00f3n de 21,8 millones de euros"},"content":{"rendered":"<p>Mediante un acuerdo marco<br \/>\n<strong>\u2022 Los distintos lotes que configuran el acuerdo marco incluyen la prestaci\u00f3n de los servicios necesarios para facilitar la integraci\u00f3n de la entidad en la sociedad digital.<\/strong><br \/>\n<strong>\u2022 Esta actuaci\u00f3n contribuye a la consecuci\u00f3n de los Objetivos de Desarrollo Sostenible (ODS), concretamente al ODS 9, que busca construir infraestructuras resilientes y fomentar la innovaci\u00f3n.<\/strong><\/p>\n<p>Madrid, 3 de mayo de 2022 (Mitma)<br \/>\nEl Consejo de Ministros, en su reuni\u00f3n de hoy, ha autorizado al Ministerio de Transportes, Movilidad y Agenda Urbana (Mitma) a licitar, a trav\u00e9s de Adif, el contrato para el establecimiento de un acuerdo marco que cubra diversos servicios para el desarrollo de la transformaci\u00f3n digital de la entidad, con un valor estimado del contrato de 21.837.600 euros (IVA no incluido) y un plazo de ejecuci\u00f3n de 24 meses, prorrogables por otros 24.<\/p>\n<p><strong>Adif est\u00e1 inmersa en un proceso de transformaci\u00f3n digital, que constituye una de las palancas de su Plan Estrat\u00e9gico 2030, y que se basa en seis pilares que promueven:<\/strong><br \/>\n<strong>\u00b7<\/strong> La agilidad como principio de funcionamiento,<br \/>\n<strong>\u00b7<\/strong> La automatizaci\u00f3n de procesos como base de la transformaci\u00f3n,<br \/>\n<strong>\u00b7<\/strong> La orientaci\u00f3n de la organizaci\u00f3n al dato como estrategia para tomar decisiones basada en el an\u00e1lisis y la interpretaci\u00f3n de los datos,<br \/>\n<strong>\u00b7<\/strong> La preparaci\u00f3n de la organizaci\u00f3n (personas, procesos y tecnolog\u00eda) para adaptarse a las necesidades de forma eficaz,<br \/>\n<strong>\u00b7\u00a0<\/strong> Conectar con el cliente coloc\u00e1ndolo en el centro de las decisiones de la organizaci\u00f3n.<br \/>\n<strong>\u00b7<\/strong> La cultura digital desde un punto de vista global.<\/p>\n<p>De ellos emanan las l\u00edneas maestras que determinan la estrategia de transformaci\u00f3n, que se materializar\u00e1 en las soluciones asociadas al cambio cultural, la gesti\u00f3n del talento, productos, sistemas y herramientas necesarios.<\/p>\n<p><strong>Acuerdo marco formado por cuatro lotes<\/strong><br \/>\nMediante este acuerdo marco, la entidad contar\u00e1 con los servicios necesarios para impulsar su plena integraci\u00f3n en la sociedad digital. As\u00ed, el acuerdo est\u00e1 constituido por cuatro lotes que corresponden a los diversos \u00e1mbitos de la estructura creada para hacer frente al proceso de transformaci\u00f3n digital.<\/p>\n<p><strong>&#8211; El lote 1<\/strong> abarca los servicios de consultor\u00eda para la elaboraci\u00f3n de Planes de Transformaci\u00f3n Digital espec\u00edficos para cada \u00e1rea de negocio, enmarcados dentro del Programa de Transformaci\u00f3n Digital de Adif.<br \/>\n<strong>&#8211; El lote 2<\/strong> corresponde a la realizaci\u00f3n de los siguientes servicios:<br \/>\n? Apoyo a las Oficinas de Transformaci\u00f3n Digital de Adif, cuyo cometido ser\u00e1 el establecimiento, puesta en marcha y funcionamiento de las mismas, as\u00ed como el control y seguimiento de los Planes de Transformaci\u00f3n Digital asociados.<br \/>\n? Servicios complementarios (llave en mano), que apoyar\u00e1n tanto a las Oficinas de Transformaci\u00f3n Digital y Global de Adif: servicios de innovaci\u00f3n tecnol\u00f3gica, de comunicaci\u00f3n empresarial, de gesti\u00f3n del cambio y de apoyo metodol\u00f3gico.<br \/>\n<strong>&#8211; En cuanto al lote 3<\/strong>, incluye el servicio de apoyo a la Oficina de Transformaci\u00f3n Global de Adif, cuyo cometido ser\u00e1 el establecimiento, puesta en marcha y funcionamiento de los aspectos asociados a la gesti\u00f3n y el gobierno del programa de transformaci\u00f3n digital, desde un punto de vista estrat\u00e9gico y ejecutivo.<br \/>\n<strong>&#8211; Por \u00faltimo, el lote 4, <\/strong>corresponde a la implantaci\u00f3n de soluciones tecnol\u00f3gicas vinculadas a las iniciativas que se deriven de los Planes de Transformaci\u00f3n Digital, que tengan cabida en el correspondiente acuerdo marco, por su tipolog\u00eda, dimensionamiento e impacto organizacional.<\/p>\n<p>Esta actuaci\u00f3n contribuye a la consecuci\u00f3n de los Objetivos de Desarrollo Sostenible (ODS), concretamente al ODS 9, que busca construir infraestructuras resilientes y fomentar la innovaci\u00f3n.<\/p>\n","protected":false},"excerpt":{"rendered":"<p>Mediante un acuerdo marco \u2022 Los distintos lotes que configuran el acuerdo marco incluyen la prestaci\u00f3n de los servicios necesarios<\/p>\n","protected":false},"author":4,"featured_media":0,"comment_status":"closed","ping_status":"open","sticky":false,"template":"","format":"standard","meta":{"footnotes":""},"categories":[818],"tags":[71,744,1092,69],"class_list":["post-35662","post","type-post","status-publish","format-standard","hentry","category-notes-de-premsa","tag-adif","tag-consejo-de-ministros","tag-digitalitzacio","tag-mitva-ministerio-de-fomento","comments-off"],"_links":{"self":[{"href":"https:\/\/www.agrupament.cat\/portal\/wp-json\/wp\/v2\/posts\/35662","targetHints":{"allow":["GET"]}}],"collection":[{"href":"https:\/\/www.agrupament.cat\/portal\/wp-json\/wp\/v2\/posts"}],"about":[{"href":"https:\/\/www.agrupament.cat\/portal\/wp-json\/wp\/v2\/types\/post"}],"author":[{"embeddable":true,"href":"https:\/\/www.agrupament.cat\/portal\/wp-json\/wp\/v2\/users\/4"}],"replies":[{"embeddable":true,"href":"https:\/\/www.agrupament.cat\/portal\/wp-json\/wp\/v2\/comments?post=35662"}],"version-history":[{"count":4,"href":"https:\/\/www.agrupament.cat\/portal\/wp-json\/wp\/v2\/posts\/35662\/revisions"}],"predecessor-version":[{"id":35666,"href":"https:\/\/www.agrupament.cat\/portal\/wp-json\/wp\/v2\/posts\/35662\/revisions\/35666"}],"wp:attachment":[{"href":"https:\/\/www.agrupament.cat\/portal\/wp-json\/wp\/v2\/media?parent=35662"}],"wp:term":[{"taxonomy":"category","embeddable":true,"href":"https:\/\/www.agrupament.cat\/portal\/wp-json\/wp\/v2\/categories?post=35662"},{"taxonomy":"post_tag","embeddable":true,"href":"https:\/\/www.agrupament.cat\/portal\/wp-json\/wp\/v2\/tags?post=35662"}],"curies":[{"name":"wp","href":"https:\/\/api.w.org\/{rel}","templated":true}]}}