{"id":35336,"date":"2022-04-02T08:00:23","date_gmt":"2022-04-02T07:00:23","guid":{"rendered":"https:\/\/www.agrupament.cat\/portal\/?p=35336"},"modified":"2022-04-24T19:21:22","modified_gmt":"2022-04-24T18:21:22","slug":"mitma-adjudica-el-estudio-informativo-de-la-duplicacion-de-la-linea-r-3-en-el-tramo-vic-centelles","status":"publish","type":"post","link":"https:\/\/www.agrupament.cat\/portal\/2022\/04\/mitma-adjudica-el-estudio-informativo-de-la-duplicacion-de-la-linea-r-3-en-el-tramo-vic-centelles\/","title":{"rendered":"Mitma adjudica el Estudio Informativo de la duplicaci\u00f3n de la l\u00ednea R-3 en el tramo Vic-Centelles"},"content":{"rendered":"<p>MEJORAS EN RODALIES<br \/>\n<strong>\u00b7 Esta actuaci\u00f3n se enmarca en el \u201cPlan de Rodalies de Catalunya 2020\u20132030\u201d, dentro del programa de actuaciones para incrementar la capacidad de la red e integraci\u00f3n urbana.Se propone realizar la actuaci\u00f3n de duplicaci\u00f3n de v\u00eda, incluyendo el estudio de mejoras de trazado que permitan, no solo incrementar la capacidad del tramo, sino tambi\u00e9n la velocidad comercial.<\/strong><\/p>\n<p>01-04-2022<br \/>\nEl Ministerio de Transportes, Movilidad y Agenda Urbana (Mitma), seg\u00fan se anuncia hoy en la Plataforma de Contrataci\u00f3n del Sector P\u00fablico, ha adjudicado el \u201cEstudio Informativo de la duplicaci\u00f3n de la l\u00ednea Montcada bifurcaci\u00f3-Puigcerd\u00e1 frontera francesa, tramo Vic-Centelles\u201d a la empresa SAITEC, S.A.. El presupuesto de adjudicaci\u00f3n asciende a 471.900 euros (IVA incluido).<\/p>\n<p>Los estudios y actividades a realizar tienen como objeto principal el an\u00e1lisis y dise\u00f1o de la duplicaci\u00f3n de v\u00eda, total o parcial, as\u00ed como de posibles variantes de trazado, del tramo Vic-Centelles de la l\u00ednea de Adif 02-222-Montcada Bifurcacio-Puigcerd\u00e1 Frontera Francesa, seg\u00fan lo establecido por el art\u00edculo 5 de la Ley 38\/2015, de 29 de septiembre, del Sector Ferroviario, y por los art\u00edculos concordantes del Real Decreto 2387\/2004, de 30 de diciembre, por el que se aprueba el Reglamento del Sector Ferroviario, en lo que a estudios informativos se refiere.<\/p>\n<p>El alcance del Estudio Informativo a redactar ser\u00e1 el necesario para servir de base a los procesos de informaci\u00f3n p\u00fablica y de audiencia a las administraciones (o informaci\u00f3n oficial) establecidos en la legislaci\u00f3n ferroviaria vigente y en la legislaci\u00f3n ambiental (Ley 21\/2013, de 9 de diciembre, de evaluaci\u00f3n ambiental, y Ley 9\/2018, de 5 de diciembre, por la que se modifica la Ley 21\/2013, de 9 de diciembre, de evaluaci\u00f3n ambiental).<\/p>\n<p>El contrato incluir\u00e1 la prestaci\u00f3n de servicios de ingenier\u00eda (consultor\u00eda y asistencia) para la realizaci\u00f3n de los mencionados tr\u00e1mites de informaci\u00f3n p\u00fablica y audiencia a las administraciones, an\u00e1lisis de alegaciones y obtenci\u00f3n, en su caso, de la Declaraci\u00f3n de Impacto Ambiental, hasta la aprobaci\u00f3n definitiva del Estudio.<\/p>\n<p><strong><span style=\"color: #ff6600;\"><a style=\"color: #ff6600;\" href=\"https:\/\/www.renfe.com\/es\/es\/grupo-renfe\/comunicacion\/renfe-al-dia\/sala-de-prensa\/cataluna\/pladerodalies\">Plan de Rodalies de Catalunya 2020 \u2013 2030<\/a><\/span><\/strong><br \/>\nEsta actuaci\u00f3n se enmarca en el \u201cPlan de Rodalies de Catalunya 2020 \u2013 2030\u201d, presentado por el Ministerio de Transportes, Movilidad y Agenda Urbana, que contiene la propuesta de actuaciones en infraestructura ferroviaria y material rodante y cuyo principal objetivo es la satisfacci\u00f3n de las necesidades de una demanda futura creciente en la Red de Rodalies de Catalunya hasta el a\u00f1o 2030.<\/p>\n<p>Dentro del programa de actuaciones, para incrementar la capacidad de la red e integraci\u00f3n urbana, se encuentra la duplicaci\u00f3n de v\u00eda en el tramo Vic-Centelles, objeto del contrato que ahora se licita.<\/p>\n<p>&nbsp;<\/p>\n","protected":false},"excerpt":{"rendered":"<p>MEJORAS EN RODALIES \u00b7 Esta actuaci\u00f3n se enmarca en el \u201cPlan de Rodalies de Catalunya 2020\u20132030\u201d, dentro del programa de<\/p>\n","protected":false},"author":4,"featured_media":20100,"comment_status":"closed","ping_status":"open","sticky":false,"template":"","format":"standard","meta":{"footnotes":""},"categories":[818],"tags":[36,961,69,142,941,44,356],"class_list":["post-35336","post","type-post","status-publish","format-standard","has-post-thumbnail","hentry","category-notes-de-premsa","tag-catalunya","tag-infraestructuras","tag-mitva-ministerio-de-fomento","tag-r03-lhospitalet-de-llobregat-a-la-tour-de-carolt","tag-renfe","tag-rodalies-cercanias","tag-vic","comments-off"],"_links":{"self":[{"href":"https:\/\/www.agrupament.cat\/portal\/wp-json\/wp\/v2\/posts\/35336","targetHints":{"allow":["GET"]}}],"collection":[{"href":"https:\/\/www.agrupament.cat\/portal\/wp-json\/wp\/v2\/posts"}],"about":[{"href":"https:\/\/www.agrupament.cat\/portal\/wp-json\/wp\/v2\/types\/post"}],"author":[{"embeddable":true,"href":"https:\/\/www.agrupament.cat\/portal\/wp-json\/wp\/v2\/users\/4"}],"replies":[{"embeddable":true,"href":"https:\/\/www.agrupament.cat\/portal\/wp-json\/wp\/v2\/comments?post=35336"}],"version-history":[{"count":1,"href":"https:\/\/www.agrupament.cat\/portal\/wp-json\/wp\/v2\/posts\/35336\/revisions"}],"predecessor-version":[{"id":35337,"href":"https:\/\/www.agrupament.cat\/portal\/wp-json\/wp\/v2\/posts\/35336\/revisions\/35337"}],"wp:featuredmedia":[{"embeddable":true,"href":"https:\/\/www.agrupament.cat\/portal\/wp-json\/wp\/v2\/media\/20100"}],"wp:attachment":[{"href":"https:\/\/www.agrupament.cat\/portal\/wp-json\/wp\/v2\/media?parent=35336"}],"wp:term":[{"taxonomy":"category","embeddable":true,"href":"https:\/\/www.agrupament.cat\/portal\/wp-json\/wp\/v2\/categories?post=35336"},{"taxonomy":"post_tag","embeddable":true,"href":"https:\/\/www.agrupament.cat\/portal\/wp-json\/wp\/v2\/tags?post=35336"}],"curies":[{"name":"wp","href":"https:\/\/api.w.org\/{rel}","templated":true}]}}