{"id":34833,"date":"2022-01-04T19:35:51","date_gmt":"2022-01-04T18:35:51","guid":{"rendered":"https:\/\/www.agrupament.cat\/portal\/?p=34833"},"modified":"2022-01-04T19:41:12","modified_gmt":"2022-01-04T18:41:12","slug":"ffe-balance-del-ano-europeo-del-ferrocarril-en-espana","status":"publish","type":"post","link":"https:\/\/www.agrupament.cat\/portal\/2022\/01\/ffe-balance-del-ano-europeo-del-ferrocarril-en-espana\/","title":{"rendered":"2021 en la Fundaci\u00f3n: Plan Estrat\u00e9gico, A\u00f1o Europeo del Ferrocarril e intensa colaboraci\u00f3n interinstitucional"},"content":{"rendered":"<p><strong>\u00b7 Balance de la actividad de la Fundaci\u00f3n de los Ferrocarriles Espa\u00f1oles y de las principales iniciativas realizadas a lo largo del a\u00f1o, entre las que se puede destacar principalmente la aprobaci\u00f3n de su primer Plan Estrat\u00e9gico, su labor de coordinaci\u00f3n en el A\u00f1o Europeo del Ferrocarril y la activa colaboraci\u00f3n desarrollada con otras instituciones<\/strong><\/p>\n<p>Madrid, 3 de enero de 2022. El a\u00f1o que acaba de terminar comenz\u00f3 con la publicaci\u00f3n del n\u00famero de enero de la revista V\u00eda Libre y la nieve y el fr\u00edo que trajo Filomena, dejando unas espectaculares im\u00e1genes de trenes y nieve para la historia y para la Fototeca del Archivo Hist\u00f3rico Ferroviario. Se iniciaba el coleccionable \u2018Estaciones con mucho arte\u2019 de V\u00eda Libre con la l\u00e1mina de \u00c1vila y comenzaba el A\u00f1o Europeo del Ferrocarril, una iniciativa de la Comisi\u00f3n Europea destinada a destacar los beneficios del ferrocarril como medio de transporte sostenible, inteligente y seguro, cuyas acciones a nivel nacional ha coordinado la Fundaci\u00f3n de los Ferrocarriles Espa\u00f1oles por encargo del Ministerio de Transportes, Movilidad y Agenda Urbana (Mitma).<\/p>\n<p>Durante 2021 la Fundaci\u00f3n ha incrementado su actividad considerablemente: nuevas iniciativas culturales, proyectos de investigaci\u00f3n, exposiciones, publicaciones, jornadas, asambleas, participaci\u00f3n en proyectos europeos y nacionales, nuevos sitios web, anuarios\u2026 y numerosos acuerdos con otras instituciones, que se han sumado a las actividades propias habituales. Este a\u00f1o ha destacado especialmente por la aprobaci\u00f3n del Plan Estrat\u00e9gico, la labor de coordinaci\u00f3n de las iniciativas y propuestas del A\u00f1o Europeo del Ferrocarril a nivel nacional y por una intensa colaboraci\u00f3n interinstitucional, que se ha materializado en la firma de convenios de gran relevancia.<\/p>\n<p>A lo largo del a\u00f1o la Fundaci\u00f3n ha participado en jornadas especiales, como el D\u00eda Internacional de los Museos, el D\u00eda Internacional de la Mujer y la Ni\u00f1a en la Ciencia, el D\u00eda de la Mujer, la Noche Europea de los Investigadores, el D\u00eda Europeo de la M\u00fasica, el D\u00eda del Libro o la Noche de los Libros. Otras citas anuales de repercusi\u00f3n internacional para las que se han presentado propuestas innovadoras han sido la Semana Europea de la Movilidad, la Semana de la Ciencia, la Semana Internacional de los Archivos, las Jornadas Europeas de Patrimonio y el ILCAD, con la presentaci\u00f3n en esta \u00faltima jornada de las gu\u00edas \u2018Cruzar las v\u00edas\u2019 sobre el uso seguro de los espacios ferroviarios, creadas por la Agencia Estatal de Seguridad Ferroviaria (AESF) y la Fundaci\u00f3n.<\/p>\n<p>Un a\u00f1o m\u00e1s se celebr\u00f3 FITUR y la Fundaci\u00f3n tuvo stand, donde el anterior ministro de Transportes, Movilidad y Agenda Urbana present\u00f3 las nuevas gu\u00edas de las V\u00edas Verdes y se present\u00f3, asimismo, el X Premio Europeo de las V\u00edas Verdes. En su stand de FITUR Adif organiz\u00f3 la mesa redonda \u2018Los retos del a\u00f1o europeo del ferrocarril\u2019, en la que tambi\u00e9n debati\u00f3 la Fundaci\u00f3n.<\/p>\n<p>En 2021 el Ministerio de Agricultura, Pesca y Alimentaci\u00f3n (MAPA) y la Fundaci\u00f3n reeditaron el folleto de Caminos Naturales y V\u00edas Verdes de Espa\u00f1a. En septiembre se celebr\u00f3 la Jornada Internacional de V\u00edas Verdes, Movilidad, Ocio y Turismo, en el marco del X Premio Europeo de las V\u00edas Verdes, organizado por la Asociaci\u00f3n Europea de V\u00edas Verdes este a\u00f1o en colaboraci\u00f3n con la Comunitat Valenciana. En octubre se present\u00f3 en Olvera (C\u00e1diz) el estudio de factibilidad elaborado por la Fundaci\u00f3n para la ampliaci\u00f3n de la V\u00eda Verde de la Sierra hasta Jerez de la Frontera y en noviembre se lanz\u00f3 oficialmente Plazaola Digital: 68 kil\u00f3metros de la V\u00eda Verde en Google Maps Street View, Google Earth y Google Arts &amp; Culture.<\/p>\n<p>En lo referente a renovaci\u00f3n de espacios, f\u00edsicos y digitales, en el Museo del Ferrocarril de Madrid se ha abierto en 2021 un nuevo espacio expositivo, la Sala Delicias, y se han reabierto a los visitantes las salas de Relojes y Modelismo. Por su parte, el Museo del Ferrocarril de Catalu\u00f1a ha estrenado nueva web, que ofrece una presentaci\u00f3n m\u00e1s intuitiva y completa para planificar la visita y navegar por las colecciones patrimoniales y exposiciones.<\/p>\n<p>En el Palacio de Fern\u00e1n N\u00fa\u00f1ez se han llevado a cabo trabajos de restauraci\u00f3n en colaboraci\u00f3n con la Escuela Superior de Conservaci\u00f3n y Restauraci\u00f3n de Bienes Culturales (ESCRBC) y se ha impulsado la participaci\u00f3n de la Fundaci\u00f3n en programas culturales de la Comunidad y el Ayuntamiento de Madrid como \u2018Veranos de la Villa\u2019, \u2018\u00a1Bienvenidos a Palacio!\u2019, \u2018Open House Madrid\u2019, la Semana de la Arquitectura y \u2018Madrid Otra Mirada\u2019, con visitas guiadas a sus dos sedes madrile\u00f1as, el Palacio y la antigua estaci\u00f3n de Delicias.<\/p>\n<p>Tras m\u00e1s de un a\u00f1o inactivo a causa de la pandemia, el Tren de la Fresa volvi\u00f3 a la v\u00eda en junio y tuvo una temporada de oto\u00f1o con una ocupaci\u00f3n de las m\u00e1s altas que ha conocido en sus casi cuatro d\u00e9cadas de existencia. En septiembre se organiz\u00f3 un tren homenaje a los profesionales sanitarios por su labor desarrollada durante la pandemia y en noviembre se flet\u00f3 el tren especial \u2018Fresas de Oto\u00f1o\u2019; ambos tuvieron una excelente acogida.<\/p>\n<p>En oto\u00f1o se celebraron las ceremonias de entrega de los Premios del Tren \u2018Antonio Machado\u2019 de Poes\u00eda y Cuento, y del concurso fotogr\u00e1fico \u2018Caminos de Hierro\u2019, dos de las actividades con m\u00e1s solera de la Fundaci\u00f3n, organizadas para el fomento de la participaci\u00f3n del mundo de la cultura y la sociedad en la promoci\u00f3n del ferrocarril. Se entregaron tambi\u00e9n los galardones del primer Premio de Periodismo Adif, organizado por la Fundaci\u00f3n. La exposici\u00f3n itinerante con las fotograf\u00edas seleccionadas de \u2018Caminos de Hierro\u2019 ha iniciado su itinerancia en diciembre en Vialia Estaci\u00f3n de Vigo y continuar\u00e1 su recorrido a lo largo de 2022 por varias estaciones espa\u00f1olas.<\/p>\n<p>Tambi\u00e9n en oto\u00f1o tuvo lugar, como todos los a\u00f1os, el \u2018D\u00eda del Tren\u2019, celebrado en los museos del Ferrocarril de Madrid y Catalu\u00f1a con jornadas de puertas abiertas y un completo programa de actividades ferroviarias para conmemorar el primer ferrocarril peninsular, entre Barcelona y Matar\u00f3. En el Museo de Madrid se inaugur\u00f3 en esa jornada la exposici\u00f3n \u2018170 a\u00f1os de Ferrocarril en Madrid\u2019, un recorrido por la historia y evoluci\u00f3n del tren en Madrid desde 1851 hasta la actualidad que se ha concebido con la colaboraci\u00f3n de Mitma, Renfe y Adif, y el apoyo del Ayuntamiento de Madrid.<\/p>\n<p>La Plataforma Tecnol\u00f3gica Ferroviaria Espa\u00f1ola (PTFE), cuya Secretar\u00eda T\u00e9cnica y Gerencia desempe\u00f1a la Fundaci\u00f3n, celebr\u00f3 su Asamblea anual y particip\u00f3 en la Asamblea Plenaria de la Plataforma Tecnol\u00f3gica Ferroviaria Europea (ERRAC), adem\u00e1s de organizar con Adif y la Agencia Estatal de Investigaci\u00f3n las jornadas \u2018Innovaci\u00f3n en gesti\u00f3n energ\u00e9tica: contribuci\u00f3n del ferrocarril a la movilidad sostenible\u2019. Adem\u00e1s, PTFE-FFE y V\u00eda Libre han participado como colaboradores en el congreso internacional Rail Live 2021, que por primera vez se ha celebrado en Madrid.<\/p>\n<p>La Fundaci\u00f3n ha lanzado una amplia oferta formativa a lo largo del a\u00f1o, comenzando con el Curso General de Transportes Terrestres, al que se ha sumado un programa de m\u00e1s de veinte cursos especializados del Campus Adif-FFE, impartidos online, para contribuir al desarrollo de los profesionales de la industria ferroviaria espa\u00f1ola. Excelente acogida ha tenido el curso especial \u2018Aplicaci\u00f3n del Hidr\u00f3geno en el Ferrocarril\u2019, sobre el potencial uso del hidr\u00f3geno para la tracci\u00f3n ferroviaria, impartido por especialistas del sector, la universidad, el CNH2 y las empresas constructoras de material rodante<\/p>\n<p><strong>Publicaciones y proyectos editoriales<\/strong><br \/>\nEn 2021 se han presentado varias publicaciones y proyectos editoriales en los que ha participado la Fundaci\u00f3n, como Alcal\u00e1 de Henares y el ferrocarril. 160 a\u00f1os de econom\u00eda y sociedad, en colaboraci\u00f3n con el Ayuntamiento de Alcal\u00e1, o Renfe. 80 a\u00f1os de historia a trav\u00e9s de su publicidad, editado por la operadora y la Fundaci\u00f3n. En marzo de present\u00f3 el informe del Observatorio del Ferrocarril en Espa\u00f1a 2019 elaborado por la Fundaci\u00f3n, que tambi\u00e9n elabora desde 2016 el Atlas de la Alta Velocidad Ferroviaria en el mundo de la Uni\u00f3n Internacional de Ferrocarriles (UIC), un trabajo de referencia para el sector que este a\u00f1o se ha publicado en abierto y contiene todas las l\u00edneas de alta velocidad en servicio, en construcci\u00f3n y planificadas en los cinco continentes a fecha de diciembre de 2020. El Anuario del Ferrocarril de 2021 se dedic\u00f3 al A\u00f1o Europeo del Ferrocarril, lo mismo que el n\u00famero de mayo de V\u00eda Libre. En junio apareci\u00f3 otro monogr\u00e1fico de la revista, sobre formaci\u00f3n especializada en el ferrocarril, con m\u00e1s de cien p\u00e1ginas donde encontrar cursos, masters y carreras universitarias. Finalmente, en verano se present\u00f3 el documental Los hijos del hierro, sobre la represi\u00f3n franquista en el ferrocarril, realizado por Renfe con la colaboraci\u00f3n de la Fundaci\u00f3n, y el portal web sobre memoria hist\u00f3rica, con alrededor de 90.000 registros de ferroviarios depurados en ese periodo.<\/p>\n<p><strong>Plan Estrat\u00e9gico<\/strong><br \/>\nAprobado por el Patronato en julio, es el primero para la Fundaci\u00f3n y supone su hoja de ruta para los pr\u00f3ximos cinco a\u00f1os. Contempla 26 proyectos, apoyados en tres l\u00edneas estrat\u00e9gicas, con la finalidad principal de transformar la instituci\u00f3n, digitalizarla y hacerla m\u00e1s eficiente, para promover y acercar el transporte ferroviario y su cultura a la ciudadan\u00eda.<\/p>\n<p>La primera l\u00ednea estrat\u00e9gica es el impulso y la mejora de la eficacia y la eficiencia de la organizaci\u00f3n, transformarla en una fundaci\u00f3n 2.0 y desarrollar una estrategia de comunicaci\u00f3n que ponga en valor el ferrocarril del pasado, presente y futuro. En segundo lugar, poner el patrimonio cultural ferroviario al servicio de la ciudadan\u00eda, manteniendo operativo el material hist\u00f3rico y dise\u00f1ando museos del siglo XXI. Su tercera l\u00ednea estrat\u00e9gica, finalmente, es fomentar la acci\u00f3n sectorial de apoyo t\u00e9cnico y compromiso con los patronos y el sector ferroviario a trav\u00e9s de una formaci\u00f3n que responda a la demanda del sector, impulsar sus medios de comunicaci\u00f3n, como la revista V\u00eda Libre y apostar por la innovaci\u00f3n y el conocimiento.<\/p>\n<p><strong>A\u00f1o Europeo del Ferrocarril<\/strong><br \/>\nDesde su inicio oficial, el 29 de marzo, se han desarrollado diversas actuaciones a nivel europeo y nacional en torno al ferrocarril para fomentar su uso, tanto por los ciudadanos como por las empresas. La Fundaci\u00f3n ha actuado como interlocutor con ciudadanos e instituciones, ha coordinado el calendario de actividades, la actualizaci\u00f3n de noticias y una campa\u00f1a de difusi\u00f3n en Twitter que ha rozado los 1,7 millones de impresiones.<\/p>\n<p>En el balance del A\u00f1o Europeo del Ferrocarril en Espa\u00f1a cabe destacar casi un centenar de actividades, m\u00e1s de 2.000 noticias que han abordado el tema, m\u00e1s de 3.000 v\u00eddeos y numerosas publicaciones en revistas especializadas del sector.<\/p>\n<p><strong>Colaboraci\u00f3n interinstitucional<\/strong><br \/>\nEn este \u00e1mbito la actividad ha sido muy intensa y se ha traducido en la firma de los acuerdos, protocolos y convenios de colaboraci\u00f3n que se citan a continuaci\u00f3n:<br \/>\n\u00b7 Con Renfe, para que un a\u00f1o m\u00e1s Cercan\u00edas Madrid ofrezca un billete combinado de tren y entrada al Museo del Ferrocarril.<br \/>\n\u00b7 Con el Ayuntamiento de Vilanova i la Geltr\u00fa, para la puesta en marcha de un nuevo punto de informaci\u00f3n tur\u00edstica en el Museo y el funcionamiento del Museo como centro de vacunaci\u00f3n masiva contra la pandemia en Catalu\u00f1a.<br \/>\n\u00b7 Con la Uni\u00f3n Internacional de Transporte P\u00fablico (UITP), para desarrollar l\u00edneas de trabajo que fomenten el intercambio de conocimientos y experiencias en materia de ferrocarriles y movilidad urbana sostenible.<br \/>\n\u00b7 Con el Instituto Cervantes, para desarrollar actividades conjuntas y proyectos culturales, exposiciones, publicaciones, investigaci\u00f3n hist\u00f3rica y social o actividades de divulgaci\u00f3n y promoci\u00f3n cultural.<br \/>\n\u00b7 Con la Diputaci\u00f3n General de Arag\u00f3n y la Asociaci\u00f3n Zaragozana de Amigos del Ferrocarril y Tranv\u00edas (AZAFT), para avanzar en la creaci\u00f3n del futuro Museo del Ferrocarril de Arag\u00f3n.<br \/>\n\u00b7 Con la Fundaci\u00f3n Real Madrid, para colaborar en la organizaci\u00f3n y difusi\u00f3n de proyectos culturales sobre la historia del ferrocarril y del f\u00fatbol en Espa\u00f1a, y de su respectivo patrimonio hist\u00f3rico y cultural.<br \/>\n\u00b7 Con Basquetour, para la promoci\u00f3n conjunta de las V\u00edas Verdes de Euskadi y su puesta en valor como recurso tur\u00edstico de Euskadi.<br \/>\n\u00b7 Con el Colegio de Ingenieros de Caminos, Canales y Puertos (CICCP), para propiciar proyetos e intercambio de conocimientos y experiencias en materia de transporte, fundamentalmente ferroviario.<br \/>\n\u00b7 Con la Fundaci\u00f3n Estatal para la Formaci\u00f3n en el Empleo (Fundae), para facilitar la difusi\u00f3n y realizaci\u00f3n de cursos de formaci\u00f3n para trabajadores en activo.<br \/>\n\u00b7 Con el Instituto de la Ingenier\u00eda de Espa\u00f1a (IIE), para la coordinaci\u00f3n de acciones conjuntas y el intercambio y difusi\u00f3n de buenas pr\u00e1cticas en el sector del ferrocarril.<br \/>\n\u00b7 Con el Ayuntamiento de Madrid, para la organizaci\u00f3n y difusi\u00f3n de los actos conmemorativos del primer ferrocarril madrile\u00f1o, la l\u00ednea Madrid-Aranjuez, que en 2021 ha cumplido 170 a\u00f1os.<br \/>\n\u00b7 Con Ferrocarriles de la Generalitat de Catalu\u00f1a (FGC), para desarrollar proyectos conjuntos patrimoniales, de divulgaci\u00f3n, investigaci\u00f3n e innovaci\u00f3n en el sector ferroviario.<br \/>\n\u00b7 Con el Ayuntamiento de Sant Adri\u00e0 del Besos, que gestiona el Museo de Historia de la Inmigraci\u00f3n, para crear un espacio dedicado a los movimientos migratorios que favoreci\u00f3 el tren.<br \/>\n\u00b7 Con el Consejo General de Colegios Oficiales de Ingenieros Industriales, para colaborar en la formaci\u00f3n, el conocimiento y divulgaci\u00f3n de los valores de la ingenier\u00eda y el ferrocarril.<br \/>\nEn el plano de la cooperaci\u00f3n institucional tambi\u00e9n han destacado las reuniones mantenidas con la Diputaci\u00f3n de Le\u00f3n para impulsar la puesta en marcha de la marca \u2018Trenes Tur\u00edsticos e Hist\u00f3ricos de Le\u00f3n\u2019 o la m\u00e1s reciente con la Generalitat Valenciana y el Ayuntamiento de Alicante para coordinar la creaci\u00f3n de un museo del ferrocarril de la Generalitat en Alicante.<\/p>\n<p><strong>Sobre la Fundaci\u00f3n de los Ferrocarriles Espa\u00f1oles<\/strong><br \/>\nFue constituida en 1985 y en su Patronato est\u00e1n las principales empresas del sector p\u00fablico ferroviario espa\u00f1ol. Tiene encomendada la recuperaci\u00f3n, custodia, generaci\u00f3n y difusi\u00f3n del patrimonio hist\u00f3rico, cultural, cient\u00edfico y tecnol\u00f3gico ferroviario. El Palacio de Fern\u00e1n N\u00fa\u00f1ez es su sede y gestiona los museos del ferrocarril de Madrid y de Catalu\u00f1a, el programa V\u00edas Verdes, la revista V\u00eda Libre, la Biblioteca Ferroviaria, el Archivo Hist\u00f3rico Ferroviario y el Centro de Formaci\u00f3n del Transporte Terrestre, entre otros. En el \u00e1mbito cultural, la Fundaci\u00f3n organiza m\u00faltiples actividades, entre ellas los Premios del Tren \u2018Antonio Machado\u2019 de poes\u00eda y cuento y el concurso de fotograf\u00eda \u2018Caminos de Hierro\u2019.<\/p>\n<p>M\u00e1s informaci\u00f3n: <a href=\"http:\/\/www.ffe.es\">www.ffe.es<\/a><\/p>\n","protected":false},"excerpt":{"rendered":"<p>\u00b7 Balance de la actividad de la Fundaci\u00f3n de los Ferrocarriles Espa\u00f1oles y de las principales iniciativas realizadas a lo<\/p>\n","protected":false},"author":4,"featured_media":0,"comment_status":"closed","ping_status":"open","sticky":false,"template":"","format":"standard","meta":{"footnotes":""},"categories":[818],"tags":[1416,1421],"class_list":["post-34833","post","type-post","status-publish","format-standard","hentry","category-notes-de-premsa","tag-ano-europeo-del-fc","tag-ffe","comments-off"],"_links":{"self":[{"href":"https:\/\/www.agrupament.cat\/portal\/wp-json\/wp\/v2\/posts\/34833","targetHints":{"allow":["GET"]}}],"collection":[{"href":"https:\/\/www.agrupament.cat\/portal\/wp-json\/wp\/v2\/posts"}],"about":[{"href":"https:\/\/www.agrupament.cat\/portal\/wp-json\/wp\/v2\/types\/post"}],"author":[{"embeddable":true,"href":"https:\/\/www.agrupament.cat\/portal\/wp-json\/wp\/v2\/users\/4"}],"replies":[{"embeddable":true,"href":"https:\/\/www.agrupament.cat\/portal\/wp-json\/wp\/v2\/comments?post=34833"}],"version-history":[{"count":3,"href":"https:\/\/www.agrupament.cat\/portal\/wp-json\/wp\/v2\/posts\/34833\/revisions"}],"predecessor-version":[{"id":34836,"href":"https:\/\/www.agrupament.cat\/portal\/wp-json\/wp\/v2\/posts\/34833\/revisions\/34836"}],"wp:attachment":[{"href":"https:\/\/www.agrupament.cat\/portal\/wp-json\/wp\/v2\/media?parent=34833"}],"wp:term":[{"taxonomy":"category","embeddable":true,"href":"https:\/\/www.agrupament.cat\/portal\/wp-json\/wp\/v2\/categories?post=34833"},{"taxonomy":"post_tag","embeddable":true,"href":"https:\/\/www.agrupament.cat\/portal\/wp-json\/wp\/v2\/tags?post=34833"}],"curies":[{"name":"wp","href":"https:\/\/api.w.org\/{rel}","templated":true}]}}