{"id":34825,"date":"2021-12-22T08:00:29","date_gmt":"2021-12-22T07:00:29","guid":{"rendered":"https:\/\/www.agrupament.cat\/portal\/?p=34825"},"modified":"2022-01-01T20:49:22","modified_gmt":"2022-01-01T19:49:22","slug":"la-fundacion-de-los-ferrocarriles-espanoles-la-generalitat-valenciana-y-el-ayuntamiento-de-alicante-impulsan-el-nuevo-museo-del-ferrocarril-en-la-comunitat-valenciana","status":"publish","type":"post","link":"https:\/\/www.agrupament.cat\/portal\/2021\/12\/la-fundacion-de-los-ferrocarriles-espanoles-la-generalitat-valenciana-y-el-ayuntamiento-de-alicante-impulsan-el-nuevo-museo-del-ferrocarril-en-la-comunitat-valenciana\/","title":{"rendered":"La Fundaci\u00f3n de los Ferrocarriles Espa\u00f1oles, la Generalitat Valenciana y el Ayuntamiento de Alicante impulsan el nuevo Museo del Ferrocarril en la Comunitat Valenciana"},"content":{"rendered":"<p><strong>\u00b7 La Fundaci\u00f3n de los Ferrocarriles Espa\u00f1oles ha mantenido hoy una reuni\u00f3n con la Generalitat y el Ayuntamiento para poner en marcha la iniciativa, que convertir\u00e1 a Alicante en subsede de un museo nacional<\/strong><br \/>\n<strong>\u00b7 Un convenio articular\u00e1 la colaboraci\u00f3n interinstitucional para la creaci\u00f3n del museo en la Comunitat Valenciana, que cuenta ya con la cesi\u00f3n al consistorio alicantino por parte de la Fundaci\u00f3n de la locomotora Mikado 141F-2401, dentro del acuerdo de cesi\u00f3n de material hist\u00f3rico ferroviario<\/strong><\/p>\n<p>Alicante, 20 de diciembre de 2021. La Fundaci\u00f3n de los Ferrocarriles Espa\u00f1oles, la Generalitat Valenciana y el Ayuntamiento de Alicante firmar\u00e1n un convenio de colaboraci\u00f3n que dar\u00e1 origen al nuevo Museo del Ferrocarril de la Comunitat Valenciana, con sede en la ciudad de Alicante. Hoy se han reunido en la Casa del Mediterr\u00e1neo Roser Obrer, directora general d\u2019Obres P\u00fabliques, Transport i Mobilitat Sostenible de la Conselleria de Politica Territorial, Obres P\u00fabliques i Mobilitat de la Generalitat Valenciana, Adri\u00e1n Santos, concejal de Urbanismo y Patrimonio del Ayuntamiento de Alicante, y el director gerente de la Fundaci\u00f3n de los Ferrocarriles Espa\u00f1oles, Jos\u00e9 Carlos Dom\u00ednguez Curiel. A esta reuni\u00f3n tambi\u00e9n ha asistido de forma telem\u00e1tica el conseller Arcadi Espa\u00f1a.<\/p>\n<p>Adem\u00e1s de la creaci\u00f3n del Museo, el convenio que firmar\u00e1n las tres instituciones contempla la cesi\u00f3n de material hist\u00f3rico ferroviario para su dotaci\u00f3n. Para el inicio de esta colecci\u00f3n, la Fundaci\u00f3n ceder\u00e1 a favor del Ayuntamiento de Alicante el uso y dep\u00f3sito temporal de la locomotora Mikado 141F-2401 e ir\u00e1 ampliando el material hist\u00f3rico ferroviario mediante otras cesiones que se formalizar\u00e1n en contratos espec\u00edficos. El convenio tambi\u00e9n definir\u00e1 el marco para futuras incorporaciones y adhesiones de otras entidades o instituciones p\u00fablicas y privadas a esta colaboraci\u00f3n.<\/p>\n<p>La Fundaci\u00f3n de los Ferrocarriles Espa\u00f1oles realiza, entre otras actividades, la de \u201cdesarrollar y mantener el plan de identificaci\u00f3n, protecci\u00f3n y divulgaci\u00f3n del Patrimonio Hist\u00f3rico y Cultural Ferroviario\u201d. Para ello, participa en la creaci\u00f3n, organizaci\u00f3n y gesti\u00f3n de proyectos muse\u00edsticos que permitan conservar y difundir el material hist\u00f3rico ferroviario, aportando sus conocimientos t\u00e9cnicos y su asesoramiento para definir la organizaci\u00f3n de estas instituciones y el discurso museol\u00f3gico a aplicar. Es el caso de la sede del Museo del Ferrocarril de la Comunitat Valenciana en Alicante o el del futuro Museo del Ferrocarril de Arag\u00f3n, para el que se firm\u00f3 el convenio de colaboraci\u00f3n hace poco m\u00e1s de un a\u00f1o. Mediante estos acuerdos, fruto de la voluntad de colaboraci\u00f3n de las instituciones firmantes, del esfuerzo asociativo y del trabajo de todas las partes implicadas, la Fundaci\u00f3n contribuye a la preservaci\u00f3n y divulgaci\u00f3n de la historia y el patrimonio ferroviario.<\/p>\n<p>Adem\u00e1s, la Fundaci\u00f3n permanecer\u00e1 ligada al proyecto tambi\u00e9n porque ostentar\u00e1 representaci\u00f3n en la entidad, instituci\u00f3n u \u00f3rgano que se constituya para la creaci\u00f3n y gesti\u00f3n del Museo del Ferrocarril de la Comunitat Valenciana, pudiendo aportar representantes, asesoramiento t\u00e9cnico y colaboraciones puntuales.<\/p>\n<p>La locomotora Mikado 141F-2401, cuyo uso y dep\u00f3sito temporal ser\u00e1 cedido por parte de la Fundaci\u00f3n al Ayuntamiento de Alicante, pertenec\u00eda a una serie de 242 locomotoras construidas para RENFE por varios fabricantes entre 1953 y 1960, que prestaron servicio en toda la red espa\u00f1ola hasta 1975, fecha de la clausura oficial del vapor en Espa\u00f1a. Esta Mikado, construida en 1958, se diferencia de las anteriores de la misma serie por tener chimenea de doble escape y haber salido de f\u00e1brica ya fuelizada. Es representante de la \u00faltima serie de locomotoras de vapor construida en nuestro pa\u00eds (la construy\u00f3 la bilba\u00edna Compa\u00f1\u00eda Euskalduna de Construcci\u00f3n y Reparaci\u00f3n de Buques), que tambi\u00e9n fue la \u00faltima serie en prestar servicios en la era del vapor.<\/p>\n<p>Sobre la Fundaci\u00f3n de los Ferrocarriles Espa\u00f1oles<br \/>\nFue constituida en 1985 y en su Patronato est\u00e1n las principales empresas del sector p\u00fablico ferroviario espa\u00f1ol. Tiene encomendada la recuperaci\u00f3n, custodia, generaci\u00f3n y difusi\u00f3n del patrimonio hist\u00f3rico, cultural, cient\u00edfico y tecnol\u00f3gico ferroviario. El Palacio de Fern\u00e1n N\u00fa\u00f1ez es su sede y gestiona los museos del ferrocarril de Madrid y de Catalu\u00f1a, el programa V\u00edas Verdes, la revista V\u00eda Libre, la Biblioteca Ferroviaria, el Archivo Hist\u00f3rico Ferroviario y el Centro de Formaci\u00f3n del Transporte Terrestre, entre otros. En el \u00e1mbito cultural, la Fundaci\u00f3n organiza m\u00faltiples actividades entre las que destacan los premios &#8216;Antonio Machado&#8217; de cuento y poes\u00eda y el concurso de fotograf\u00eda &#8216;Caminos de Hierro&#8217;.<\/p>\n<p>M\u00e1s informaci\u00f3n:<a href=\"http:\/\/www.ffe.es\"> www.ffe.es<\/a><\/p>\n","protected":false},"excerpt":{"rendered":"<p>\u00b7 La Fundaci\u00f3n de los Ferrocarriles Espa\u00f1oles ha mantenido hoy una reuni\u00f3n con la Generalitat y el Ayuntamiento para poner<\/p>\n","protected":false},"author":4,"featured_media":34826,"comment_status":"closed","ping_status":"open","sticky":false,"template":"","format":"standard","meta":{"footnotes":""},"categories":[818],"tags":[268,169,93,1419],"class_list":["post-34825","post","type-post","status-publish","format-standard","has-post-thumbnail","hentry","category-notes-de-premsa","tag-alicante","tag-comunidad-valenciana","tag-ffe-fundacion-ferrocarriles-espanoles","tag-museo-del-ferrocarril","comments-off"],"_links":{"self":[{"href":"https:\/\/www.agrupament.cat\/portal\/wp-json\/wp\/v2\/posts\/34825","targetHints":{"allow":["GET"]}}],"collection":[{"href":"https:\/\/www.agrupament.cat\/portal\/wp-json\/wp\/v2\/posts"}],"about":[{"href":"https:\/\/www.agrupament.cat\/portal\/wp-json\/wp\/v2\/types\/post"}],"author":[{"embeddable":true,"href":"https:\/\/www.agrupament.cat\/portal\/wp-json\/wp\/v2\/users\/4"}],"replies":[{"embeddable":true,"href":"https:\/\/www.agrupament.cat\/portal\/wp-json\/wp\/v2\/comments?post=34825"}],"version-history":[{"count":2,"href":"https:\/\/www.agrupament.cat\/portal\/wp-json\/wp\/v2\/posts\/34825\/revisions"}],"predecessor-version":[{"id":34828,"href":"https:\/\/www.agrupament.cat\/portal\/wp-json\/wp\/v2\/posts\/34825\/revisions\/34828"}],"wp:featuredmedia":[{"embeddable":true,"href":"https:\/\/www.agrupament.cat\/portal\/wp-json\/wp\/v2\/media\/34826"}],"wp:attachment":[{"href":"https:\/\/www.agrupament.cat\/portal\/wp-json\/wp\/v2\/media?parent=34825"}],"wp:term":[{"taxonomy":"category","embeddable":true,"href":"https:\/\/www.agrupament.cat\/portal\/wp-json\/wp\/v2\/categories?post=34825"},{"taxonomy":"post_tag","embeddable":true,"href":"https:\/\/www.agrupament.cat\/portal\/wp-json\/wp\/v2\/tags?post=34825"}],"curies":[{"name":"wp","href":"https:\/\/api.w.org\/{rel}","templated":true}]}}