{"id":34817,"date":"2021-12-31T12:09:15","date_gmt":"2021-12-31T11:09:15","guid":{"rendered":"https:\/\/www.agrupament.cat\/portal\/?p=34817"},"modified":"2021-12-31T12:09:15","modified_gmt":"2021-12-31T11:09:15","slug":"mitma-aprueba-definitivamente-el-estudio-informativo-del-proyecto-de-la-linea-de-alta-velocidad-burgos-vitoria","status":"publish","type":"post","link":"https:\/\/www.agrupament.cat\/portal\/2021\/12\/mitma-aprueba-definitivamente-el-estudio-informativo-del-proyecto-de-la-linea-de-alta-velocidad-burgos-vitoria\/","title":{"rendered":"Mitma aprueba definitivamente el \u201cEstudio Informativo del Proyecto de la L\u00ednea de Alta Velocidad Burgos-Vitoria\u201d"},"content":{"rendered":"<p><strong>\u00b7 Se plantea una nueva l\u00ednea de alta velocidad para tr\u00e1fico exclusivo de pasajeros y velocidad m\u00e1xima de 350 km\/h.<\/strong><br \/>\n<strong>\u00b7 Con una longitud total de 93,6 km, supone una inversi\u00f3n de casi 1.200 M\u20ac<\/strong><\/p>\n<p>Madrid, 30 de diciembre de 2021 (Mitma)<br \/>\nEl Ministerio de Transportes, Movilidad y Agenda Urbana (Mitma) ha aprobado definitivamente el \u201cEstudio Informativo del Proyecto de la L\u00ednea de Alta Velocidad Burgos-Vitoria\u201d, as\u00ed como su expediente de informaci\u00f3n p\u00fablica y audiencia, mediante Resoluci\u00f3n de la Secretaria de Estado de Transportes, Movilidad y Agenda Urbana de fecha 29 de diciembre de 2021 y tras la autorizaci\u00f3n del Consejo de Ministros de 28 de diciembre de 2021. Dicha resoluci\u00f3n se publicar\u00e1 pr\u00f3ximamente en el Bolet\u00edn Oficial del Estado.<\/p>\n<p>El estudio informativo plantea una nueva l\u00ednea de alta velocidad para tr\u00e1fico exclusivo de viajeros y velocidad m\u00e1xima de 350 km\/h, la cual constituye un tramo fundamental del Corredor Atl\u00e1ntico de la Red B\u00e1sica Transeuropea.<\/p>\n<p>Se trata de 93,6 km de nuevo trazado para v\u00eda doble en ancho est\u00e1ndar y electrificaci\u00f3n a 2&#215;25 kV que permitir\u00e1n realizar el trayecto entre Burgos y Vitoria en 30 minutos.<\/p>\n<p>Se incluye el baip\u00e1s de Miranda de Ebro, lo cual posibilitar\u00e1 la parada de composiciones en esta localidad y, al mismo tiempo, la circulaci\u00f3n de las composiciones directas.<\/p>\n<p>La nueva l\u00ednea consta de dos tramos (Burgos-Pancorbo y Pancorbo-Vitoria) y supone una inversi\u00f3n de casi 1.200 M\u20ac (presupuesto base de licitaci\u00f3n sin IVA).<\/p>\n<p><strong>Tramitaci\u00f3n<\/strong><br \/>\nCon fecha 10 de enero de 2018, se public\u00f3 en el \u00abBOE\u00bb el anuncio por el que se somet\u00eda a Informaci\u00f3n P\u00fablica y Audiencia dicho estudio informativo.<\/p>\n<p>Adicionalmente, con fecha 01\/07\/2019 se abri\u00f3 un nuevo per\u00edodo de audiencia complementario destinado a las entidades locales de car\u00e1cter infra o supramunicipal.<\/p>\n<p>Una vez redactado el expediente de informaci\u00f3n p\u00fablica y audiencia, se procedi\u00f3 a su envi\u00f3 el 22 de noviembre de 2018 al Ministerio para la Transici\u00f3n Ecol\u00f3gica y Reto Demogr\u00e1fico, solicitando el inicio de la evaluaci\u00f3n ambiental ordinaria.<\/p>\n<p>Mediante Resoluci\u00f3n de 11 de junio de 2021 (BOE de 22 de junio de 2021), de la Direcci\u00f3n General de Calidad y Evaluaci\u00f3n Ambiental, se formul\u00f3 la declaraci\u00f3n de impacto ambiental del proyecto \u00abL\u00ednea de alta velocidad Burgos-Vitoria\u00bb estableciendo que \u00e9sta deber\u00e1 desarrollarse seg\u00fan los trazados propuestos en la alternativa \u00abOeste 2\u00bb para el tramo 01 \u00abBurgos-Pancorbo\u00bb y \u00abVariante de Miranda 2\u00bb para el tramo 02 \u00abPancorbo-Vitoria\u00bb del estudio informativo.<\/p>\n<p>Posteriormente, mediante Resoluci\u00f3n de 17 de julio de 2021 de la Direcci\u00f3n General de Calidad y Evaluaci\u00f3n Ambiental (BOE de 27 de agosto de 2021), se corrigieron errores en la de 11 de junio de 2021 por la que se formul\u00f3 la declaraci\u00f3n de impacto ambiental del proyecto \u00abL\u00ednea de Alta Velocidad Burgos-Vitoria\u00bb.<\/p>\n<p><strong>Soluci\u00f3n aprobada definitivamente<\/strong><br \/>\nEl dise\u00f1o aprobado definitivamente se refiere a la alternativa informada favorablemente en la declaraci\u00f3n de impacto ambiental.<\/p>\n<p>La documentaci\u00f3n completa del estudio informativo puede ser consultada en la p\u00e1gina web: <strong><span style=\"color: #3f76c4;\"><a style=\"color: #3f76c4;\" href=\"https:\/\/www.mitma.es\/ferrocarriles\/estudios-en-tramite\/av-burgos-vitoria\">https:\/\/www.mitma.es\/ferrocarriles\/estudios-en-tramite\/av-burgos-vitoria<\/a><\/span><\/strong><\/p>\n","protected":false},"excerpt":{"rendered":"<p>\u00b7 Se plantea una nueva l\u00ednea de alta velocidad para tr\u00e1fico exclusivo de pasajeros y velocidad m\u00e1xima de 350 km\/h.<\/p>\n","protected":false},"author":4,"featured_media":0,"comment_status":"closed","ping_status":"open","sticky":false,"template":"","format":"standard","meta":{"footnotes":""},"categories":[818],"tags":[986,160,744,180,961,1381,728],"class_list":["post-34817","post","type-post","status-publish","format-standard","hentry","category-notes-de-premsa","tag-alta-velocidad","tag-burgos","tag-consejo-de-ministros","tag-corredor-atlantic","tag-infraestructuras","tag-mitma","tag-vitoria","comments-off"],"_links":{"self":[{"href":"https:\/\/www.agrupament.cat\/portal\/wp-json\/wp\/v2\/posts\/34817","targetHints":{"allow":["GET"]}}],"collection":[{"href":"https:\/\/www.agrupament.cat\/portal\/wp-json\/wp\/v2\/posts"}],"about":[{"href":"https:\/\/www.agrupament.cat\/portal\/wp-json\/wp\/v2\/types\/post"}],"author":[{"embeddable":true,"href":"https:\/\/www.agrupament.cat\/portal\/wp-json\/wp\/v2\/users\/4"}],"replies":[{"embeddable":true,"href":"https:\/\/www.agrupament.cat\/portal\/wp-json\/wp\/v2\/comments?post=34817"}],"version-history":[{"count":1,"href":"https:\/\/www.agrupament.cat\/portal\/wp-json\/wp\/v2\/posts\/34817\/revisions"}],"predecessor-version":[{"id":34818,"href":"https:\/\/www.agrupament.cat\/portal\/wp-json\/wp\/v2\/posts\/34817\/revisions\/34818"}],"wp:attachment":[{"href":"https:\/\/www.agrupament.cat\/portal\/wp-json\/wp\/v2\/media?parent=34817"}],"wp:term":[{"taxonomy":"category","embeddable":true,"href":"https:\/\/www.agrupament.cat\/portal\/wp-json\/wp\/v2\/categories?post=34817"},{"taxonomy":"post_tag","embeddable":true,"href":"https:\/\/www.agrupament.cat\/portal\/wp-json\/wp\/v2\/tags?post=34817"}],"curies":[{"name":"wp","href":"https:\/\/api.w.org\/{rel}","templated":true}]}}