{"id":34812,"date":"2021-12-28T10:06:52","date_gmt":"2021-12-28T09:06:52","guid":{"rendered":"https:\/\/www.agrupament.cat\/portal\/?p=34812"},"modified":"2021-12-31T11:09:33","modified_gmt":"2021-12-31T10:09:33","slug":"ferrocarrils-adjudica-les-obres-darranjament-de-les-andanes-i-el-pas-inferior-de-lestacio-de-les-fonts-a-la-linia-barcelona-valles","status":"publish","type":"post","link":"https:\/\/www.agrupament.cat\/portal\/2021\/12\/ferrocarrils-adjudica-les-obres-darranjament-de-les-andanes-i-el-pas-inferior-de-lestacio-de-les-fonts-a-la-linia-barcelona-valles\/","title":{"rendered":"Ferrocarrils adjudica les obres d&#8217;arranjament de les andanes i el pas inferior de l&#8217;estaci\u00f3 de Les Fonts, a la l\u00ednia Barcelona-Vall\u00e8s"},"content":{"rendered":"<p>27\/12\/2021<br \/>\n<strong>\u00b7 L\u2019actuaci\u00f3 forma part de la pol\u00edtica de Ferrocarrils de manteniment de les seves instal\u00b7lacions per millorar el confort de les persones usu\u00e0ries i garantir un servei de qualitat<\/strong><\/p>\n<p>Ferrocarrils de la Generalitat de Catalunya (FGC) ha adjudicat les obres d\u2019arranjament de les andanes i el pas inferior de l\u2019estaci\u00f3 de Les Fonts, a la l\u00ednia Barcelona-Vall\u00e8s, per un import de 346.000 euros. Els treballs, que est\u00e0 previst que comencin el primer trimestre de 2022 i tinguin un termini d\u2019execuci\u00f3 de 12 setmanes, consistiran en la renovaci\u00f3 del paviment de les andanes i la millora del pas inferior i l\u2019acc\u00e9s costat Pla\u00e7a de l\u2019estaci\u00f3 de Les Fonts. Durant totes les fases de l\u2019obra es garantir\u00e0 l\u2019acc\u00e9s de les persones usu\u00e0ries en les degudes condicions, amb especial atenci\u00f3 a les persones amb mobilitat redu\u00efda.<\/p>\n<p>Aquesta actuaci\u00f3 forma part de la pol\u00edtica de Ferrocarrils de manteniment de les seves instal\u00b7lacions per millorar el confort de les persones usu\u00e0ries i garantir un servei de qualitat. L\u2019estaci\u00f3 de Les Fonts t\u00e9 una demanda aproximada de 424.000 validacions anuals (dades 2019 prepand\u00e8mia).<\/p>\n<p>Els treballs consistiran en substituir l\u2019actual paviment continu de les andanes per un paviment modular, que \u00e9s m\u00e9s f\u00e0cil de mantenir i t\u00e9 millor drenatge en cas de pluja. La renovaci\u00f3 dels paviments i la millora dels accessos existents suposar\u00e0 actuar sobre una superf\u00edcie de 1.600 metres quadrats, aproximadament.<\/p>\n<p>Les obres es desenvoluparan en diferents fases, tenint en compte que primer es treballar\u00e0 per deixar enllestida tota l\u2019andana de la via 2, posteriorment tota l\u2019andana de la via 1 i finalment els accessos exteriors. Els treballs es duran a terme majorit\u00e0riament en horari di\u00fcrn. Per a aquells que calgui fer de nit s\u2019evitar\u00e0 realitzar els que generin impacte ac\u00fastic.<br \/>\n&#8211;<\/p>\n","protected":false},"excerpt":{"rendered":"<p>27\/12\/2021 \u00b7 L\u2019actuaci\u00f3 forma part de la pol\u00edtica de Ferrocarrils de manteniment de les seves instal\u00b7lacions per millorar el confort<\/p>\n","protected":false},"author":4,"featured_media":34813,"comment_status":"closed","ping_status":"open","sticky":false,"template":"","format":"standard","meta":{"footnotes":""},"categories":[818],"tags":[43,47,19,106],"class_list":["post-34812","post","type-post","status-publish","format-standard","has-post-thumbnail","hentry","category-notes-de-premsa","tag-estacions","tag-fgc-ferrocarrils-de-la-generalitat-de-catalunya","tag-infraestructures","tag-linea-barcelona-valles","comments-off"],"_links":{"self":[{"href":"https:\/\/www.agrupament.cat\/portal\/wp-json\/wp\/v2\/posts\/34812","targetHints":{"allow":["GET"]}}],"collection":[{"href":"https:\/\/www.agrupament.cat\/portal\/wp-json\/wp\/v2\/posts"}],"about":[{"href":"https:\/\/www.agrupament.cat\/portal\/wp-json\/wp\/v2\/types\/post"}],"author":[{"embeddable":true,"href":"https:\/\/www.agrupament.cat\/portal\/wp-json\/wp\/v2\/users\/4"}],"replies":[{"embeddable":true,"href":"https:\/\/www.agrupament.cat\/portal\/wp-json\/wp\/v2\/comments?post=34812"}],"version-history":[{"count":1,"href":"https:\/\/www.agrupament.cat\/portal\/wp-json\/wp\/v2\/posts\/34812\/revisions"}],"predecessor-version":[{"id":34814,"href":"https:\/\/www.agrupament.cat\/portal\/wp-json\/wp\/v2\/posts\/34812\/revisions\/34814"}],"wp:featuredmedia":[{"embeddable":true,"href":"https:\/\/www.agrupament.cat\/portal\/wp-json\/wp\/v2\/media\/34813"}],"wp:attachment":[{"href":"https:\/\/www.agrupament.cat\/portal\/wp-json\/wp\/v2\/media?parent=34812"}],"wp:term":[{"taxonomy":"category","embeddable":true,"href":"https:\/\/www.agrupament.cat\/portal\/wp-json\/wp\/v2\/categories?post=34812"},{"taxonomy":"post_tag","embeddable":true,"href":"https:\/\/www.agrupament.cat\/portal\/wp-json\/wp\/v2\/tags?post=34812"}],"curies":[{"name":"wp","href":"https:\/\/api.w.org\/{rel}","templated":true}]}}