{"id":34764,"date":"2021-12-18T08:00:32","date_gmt":"2021-12-18T07:00:32","guid":{"rendered":"https:\/\/www.agrupament.cat\/portal\/?p=34764"},"modified":"2021-12-22T13:53:42","modified_gmt":"2021-12-22T12:53:42","slug":"el-servei-de-ferrocarrils-sadapta-a-les-festes-de-nadal-i-de-cap-dany","status":"publish","type":"post","link":"https:\/\/www.agrupament.cat\/portal\/2021\/12\/el-servei-de-ferrocarrils-sadapta-a-les-festes-de-nadal-i-de-cap-dany\/","title":{"rendered":"El servei de Ferrocarrils s&#8217;adapta a les festes de Nadal i de Cap d&#8217;Any"},"content":{"rendered":"<p>17\/12\/2021<br \/>\n<strong>\u00b7 La vig\u00edlia de Nadal el servei de trens finalitzar\u00e0 a les 23.00h i el dia de Nadal els trens circularan fins a les 02.00h<\/strong><br \/>\n<strong>\u00b7 Per Cap d\u2019Any els trens circularan durant tota la nit a les l\u00ednies S1 (Terrassa), S2 (Sabadell), L6 (Sarri\u00e0), L7 (Av. Tibidabo), L12 (Reina Elisenda) i L8 (Mol\u00ed Nou)<\/strong><\/p>\n<p><strong>Els horaris es podran consultar al web i l&#8217;app de Ferrocarrils.<\/strong><br \/>\nFerrocarrils de la Generalitat de Catalunya (FGC) modificar\u00e0 els horaris de finalitzaci\u00f3 del servei les nits de Nadal i de Cap d\u2019Any. D\u2019aquesta manera, el servei de trens s\u2019ajustar\u00e0 a les caracter\u00edstiques especials d\u2019aquestes dates i a les necessitats de les persones usu\u00e0ries amb l\u2019objectiu de fomentar l\u2019\u00fas del transport p\u00fablic i una mobilitat sostenible.<\/p>\n<p>Aix\u00ed, el divendres 24 de desembre, vig\u00edlia de Nadal, el servei de trens de Ferrocarrils finalitzar\u00e0 a les 23.00h a totes les l\u00ednies. El dia de Nadal els trens circularan fins a les 02.00h mentre que per Sant Esteve ho faran fins a les 00.00h.<\/p>\n<p><strong>Servei ininterromput la nit de Cap d\u2019Any<\/strong><br \/>\nCom \u00e9s habitual, FGC oferir\u00e0 servei ininterromput la nit de Cap d\u2019Any. Els trens circularan de forma continuada per la zona urbana de Barcelona i pels trajectes Barcelona-Sabadell i Barcelona-Terrassa.<\/p>\n<p>A la l\u00ednia Barcelona-Vall\u00e8s, l\u2019interval de pas dels serveis urbans de les l\u00ednies L6 (Sarri\u00e0), L12 (Reina Elisenda) i L7 (Av. Tibidabo) ser\u00e0 de 20 minuts. Els serveis suburbans S1 (Terrassa) i S2 (Sabadell) circularan cada 45 minuts. A m\u00e9s, el Funicular de Vallvidrera circular\u00e0 amb un interval de 10 minuts durant tota la nit.<\/p>\n<p>Pel que fa a la l\u00ednia Llobregat-Anoia, la freq\u00fc\u00e8ncia de pas de la l\u00ednia L8 (Mol\u00ed Nou-Ciutat Cooperativa) ser\u00e0 d\u2019un tren cada 20 minuts.<\/p>\n<p>Les caracter\u00edstiques del servei que oferir\u00e0 Ferrocarrils durant el Nadal es podran consultar a www.fgc.cat, al cercador web i de l\u2019aplicaci\u00f3 per a m\u00f2bils d\u2019FGC, i a les vitrines informatives de les estacions, aix\u00ed com al tel\u00e8fon d\u2019atenci\u00f3 al client 012.<\/p>\n<p>&nbsp;<\/p>\n","protected":false},"excerpt":{"rendered":"<p>17\/12\/2021 \u00b7 La vig\u00edlia de Nadal el servei de trens finalitzar\u00e0 a les 23.00h i el dia de Nadal els<\/p>\n","protected":false},"author":4,"featured_media":31448,"comment_status":"closed","ping_status":"open","sticky":false,"template":"","format":"standard","meta":{"footnotes":""},"categories":[818],"tags":[47,563],"class_list":["post-34764","post","type-post","status-publish","format-standard","has-post-thumbnail","hentry","category-notes-de-premsa","tag-fgc-ferrocarrils-de-la-generalitat-de-catalunya","tag-reforc-del-servei","comments-off"],"_links":{"self":[{"href":"https:\/\/www.agrupament.cat\/portal\/wp-json\/wp\/v2\/posts\/34764","targetHints":{"allow":["GET"]}}],"collection":[{"href":"https:\/\/www.agrupament.cat\/portal\/wp-json\/wp\/v2\/posts"}],"about":[{"href":"https:\/\/www.agrupament.cat\/portal\/wp-json\/wp\/v2\/types\/post"}],"author":[{"embeddable":true,"href":"https:\/\/www.agrupament.cat\/portal\/wp-json\/wp\/v2\/users\/4"}],"replies":[{"embeddable":true,"href":"https:\/\/www.agrupament.cat\/portal\/wp-json\/wp\/v2\/comments?post=34764"}],"version-history":[{"count":1,"href":"https:\/\/www.agrupament.cat\/portal\/wp-json\/wp\/v2\/posts\/34764\/revisions"}],"predecessor-version":[{"id":34765,"href":"https:\/\/www.agrupament.cat\/portal\/wp-json\/wp\/v2\/posts\/34764\/revisions\/34765"}],"wp:featuredmedia":[{"embeddable":true,"href":"https:\/\/www.agrupament.cat\/portal\/wp-json\/wp\/v2\/media\/31448"}],"wp:attachment":[{"href":"https:\/\/www.agrupament.cat\/portal\/wp-json\/wp\/v2\/media?parent=34764"}],"wp:term":[{"taxonomy":"category","embeddable":true,"href":"https:\/\/www.agrupament.cat\/portal\/wp-json\/wp\/v2\/categories?post=34764"},{"taxonomy":"post_tag","embeddable":true,"href":"https:\/\/www.agrupament.cat\/portal\/wp-json\/wp\/v2\/tags?post=34764"}],"curies":[{"name":"wp","href":"https:\/\/api.w.org\/{rel}","templated":true}]}}