{"id":34750,"date":"2021-12-22T11:09:30","date_gmt":"2021-12-22T10:09:30","guid":{"rendered":"https:\/\/www.agrupament.cat\/portal\/?p=34750"},"modified":"2021-12-22T11:09:30","modified_gmt":"2021-12-22T10:09:30","slug":"la-generalitat-congela-les-tarifes-del-transport-public-a-tot-catalunya-per-a-lany-2022-per-a-fomentar-la-descarbonitzacio-de-la-mobilitat","status":"publish","type":"post","link":"https:\/\/www.agrupament.cat\/portal\/2021\/12\/la-generalitat-congela-les-tarifes-del-transport-public-a-tot-catalunya-per-a-lany-2022-per-a-fomentar-la-descarbonitzacio-de-la-mobilitat\/","title":{"rendered":"La Generalitat congela les tarifes del transport p\u00fablic a tot Catalunya per a l&#8217;any 2022 per a fomentar la descarbonitzaci\u00f3 de la mobilitat"},"content":{"rendered":"<p>21\/12\/2021<br \/>\n<strong>\u00b7 Les ATM de Lleida, Tarragona i Girona acorden el manteniment dels preus dels t\u00edtols de transport<\/strong><br \/>\n<strong>\u00b7 El Govern tamb\u00e9 congela les tarifes dels serveis ferroviaris regionals i dels autobusos interurbans no inclosos en els sistemes integrats<\/strong><\/p>\n<p>El Consells d\u2019Administraci\u00f3 de les Autoritats Territorials de la Mobilitat (ATM) de Lleida, Tarragona i Girona han acordat, a proposta del Departament de Vicepresid\u00e8ncia, Pol\u00edtiques Digitals i Territori, la congelaci\u00f3 dels preus dels t\u00edtols de transport p\u00fablic per a l\u2019any 2022 dels seus \u00e0mbits. Aquest manteniment de preus s\u2019emmarca en la pol\u00edtica de foment de l\u2019\u00fas del transport p\u00fablic com una de les mesures principals per assolir la descarbonitzaci\u00f3 de la mobilitat. Al mateix temps, aquesta mesura vol contribuir a reduir l\u2019impacte que els efectes de la pand\u00e8mia de la COVID-19 est\u00e0 tenint en la ciutadania.<\/p>\n<p>En paral\u00b7lel, el Govern de la Generalitat proposar\u00e0 dem\u00e0, en el Consell d\u2019Administraci\u00f3 de l\u2019ATM de Barcelona \u2013consorci en el qual participa amb el 51%\u2013 el manteniment dels preus tamb\u00e9 en aquest \u00e0mbit.<\/p>\n<p>Aix\u00ed mateix, el Departament de la Vicepresid\u00e8ncia i Pol\u00edtiques Digitals i Territori ha resolt la congelaci\u00f3 de les tarifes dels serveis ferroviaris regionals a tot Catalunya i dels serveis d\u2019autobusos interurbans que no estan inclosos en els sistemes integrats.<\/p>\n<p><strong>ATM Lleida<\/strong><br \/>\nEl sistema tarifari integrat en l\u2019ATM de Lleida abasta les comarques de la Noguera, les Garrigues, el Segri\u00e0, el Pla d\u2019Urgell, l\u2019Urgell i la Segarra. Els mitjans de transport amb els quals els usuaris es poden moure a l\u2019ATM s\u00f3n els serveis d\u2019autobusos urbans, amb una vintena de l\u00ednies integrades, els autobusos interurbans, amb una seixantena de l\u00ednies integrades i el servei de Ferrocarrils de la Generalitat de Catalunya Lleida-\u00c0ger.<\/p>\n<p><strong>ATM de Tarragona<\/strong><br \/>\nL\u2019ATM del Camp de Tarragona gestiona el sistema tarifari integrat del Camp de Tarragona que permet a les persones usu\u00e0ries utilitzar els diferents sistemes de transport (bus urb\u00e0, interurb\u00e0 i tren). A m\u00e9s de la congelaci\u00f3 de les tarifes per a l\u2019any vinent, el Consell d\u2019Administraci\u00f3 ha aprovat el nomenament d\u2019Eug\u00e8nia Dom\u00e8nech com a nova gerent del Consorci del Transport P\u00fablic del Camp de Tarragona.<\/p>\n<p><strong>ATM de Girona<\/strong><br \/>\nEl sistema integrat de l\u2019ATM de Girona compr\u00e8n una cinquantena de l\u00ednies de transport p\u00fablic; en concret, 38 l\u00ednies de bus interurb\u00e0, 12 d\u2019urbanes, un tram dels serveis ferroviaris de rodalies RG1 i R11 i dues zones de serveis de transport a la demanda Clic.cat.<\/p>\n","protected":false},"excerpt":{"rendered":"<p>21\/12\/2021 \u00b7 Les ATM de Lleida, Tarragona i Girona acorden el manteniment dels preus dels t\u00edtols de transport \u00b7 El<\/p>\n","protected":false},"author":4,"featured_media":0,"comment_status":"closed","ping_status":"open","sticky":false,"template":"","format":"standard","meta":{"footnotes":""},"categories":[818],"tags":[104,73,34,33,68,32],"class_list":["post-34750","post","type-post","status-publish","format-standard","hentry","category-notes-de-premsa","tag-atm","tag-generalitat-de-catalunya-territori-i-sostenibilitat","tag-girona","tag-lleida","tag-tarifes","tag-tarragona","comments-off"],"_links":{"self":[{"href":"https:\/\/www.agrupament.cat\/portal\/wp-json\/wp\/v2\/posts\/34750","targetHints":{"allow":["GET"]}}],"collection":[{"href":"https:\/\/www.agrupament.cat\/portal\/wp-json\/wp\/v2\/posts"}],"about":[{"href":"https:\/\/www.agrupament.cat\/portal\/wp-json\/wp\/v2\/types\/post"}],"author":[{"embeddable":true,"href":"https:\/\/www.agrupament.cat\/portal\/wp-json\/wp\/v2\/users\/4"}],"replies":[{"embeddable":true,"href":"https:\/\/www.agrupament.cat\/portal\/wp-json\/wp\/v2\/comments?post=34750"}],"version-history":[{"count":1,"href":"https:\/\/www.agrupament.cat\/portal\/wp-json\/wp\/v2\/posts\/34750\/revisions"}],"predecessor-version":[{"id":34751,"href":"https:\/\/www.agrupament.cat\/portal\/wp-json\/wp\/v2\/posts\/34750\/revisions\/34751"}],"wp:attachment":[{"href":"https:\/\/www.agrupament.cat\/portal\/wp-json\/wp\/v2\/media?parent=34750"}],"wp:term":[{"taxonomy":"category","embeddable":true,"href":"https:\/\/www.agrupament.cat\/portal\/wp-json\/wp\/v2\/categories?post=34750"},{"taxonomy":"post_tag","embeddable":true,"href":"https:\/\/www.agrupament.cat\/portal\/wp-json\/wp\/v2\/tags?post=34750"}],"curies":[{"name":"wp","href":"https:\/\/api.w.org\/{rel}","templated":true}]}}