{"id":34704,"date":"2021-11-23T20:00:57","date_gmt":"2021-11-23T19:00:57","guid":{"rendered":"https:\/\/www.agrupament.cat\/portal\/?p=34704"},"modified":"2021-11-23T20:00:57","modified_gmt":"2021-11-23T19:00:57","slug":"barcelona-presenta-a-madrid-la-campanya-barcelona-estrena-nadal-per-promocionar-la-ciutat-com-a-millor-desti-nadalenc-del-sud-deuropa","status":"publish","type":"post","link":"https:\/\/www.agrupament.cat\/portal\/2021\/11\/barcelona-presenta-a-madrid-la-campanya-barcelona-estrena-nadal-per-promocionar-la-ciutat-com-a-millor-desti-nadalenc-del-sud-deuropa\/","title":{"rendered":"Barcelona presenta a Madrid la campanya \u201cBarcelona estrena Nadal\u201d per promocionar la ciutat com a millor dest\u00ed nadalenc del sud d\u2019Europa"},"content":{"rendered":"<p>Renfe es converteix aquest Nadal en el transport oficial de Barcelona<br \/>\n<strong>\u00b7 Turisme de Barcelona, juntament amb Renfe, han presentat a l\u2019estaci\u00f3 d\u2019Atocha una campanya que evoca el retrobament amb les persones i la ciutat<\/strong><br \/>\n<strong>\u00b7 Trens AVE vinilats amb la imatge de la campanya sortiran de Madrid i Barcelona per connectar ambdues ciutats i promoure el transport sostenible<\/strong><br \/>\n<strong>\u00b7 La nova campanya vol impactar en els mercats nacional i de proximitat amb Barcelona com a millor dest\u00ed de Nadal al sud d\u2019Europa<\/strong><\/p>\n<p>Madrid, 23 de novembre de 2021.- Turisme de Barcelona i Renfe han presentat aquest mat\u00ed a la madrilenya estaci\u00f3 d\u2019Atocha la nova campanya <span style=\"color: #ff0000;\"><strong><a style=\"color: #ff0000;\" href=\"https:\/\/www.barcelonaturisme.com\/wv3\/es\/page\/3911\/navidad-en-barcelona.html\">\u201cBarcelona estrena Nadal\u201d<\/a> <\/strong><\/span>per promocionar Barcelona com a millor destinaci\u00f3 de Nadal del sud d\u2019Europa. Una campanya de comunicaci\u00f3 en origen, adre\u00e7ada als mercats nacional i europeu, que dona visibilitat al teixit comercial, gastron\u00f2mic i cultural de la ciutat on la cultura, a trav\u00e9s de la m\u00fasica, el disseny i l\u2019oferta d\u2019activitats de diverses disciplines, es converteix en el fil conductor de tot un relat en qu\u00e8 es mostra el nou model d\u2019enllumenat per projectar la creativitat de Barcelona.<\/p>\n<p>D\u2019aquesta forma, el president de Renfe, Isa\u00edas T\u00e1boas, el regidor de Turisme i Ind\u00fastries Creatives, Xavier Marc\u00e9, i la directora general de Turisme de Barcelona, ??Marian Muro, han presentat les diferents iniciatives que es duran a terme durant quatre setmanes perqu\u00e8 els ciutadans es desplacin a Barcelona els pr\u00f2xims dies de Nadal.<\/p>\n<p>Tal com ha explicat Marian Muro, \u201c\u00e9s la primera vegada que presentem una campanya d\u2019aquestes caracter\u00edstiques a Madrid, perqu\u00e8 pretenem impactar al visitant procedent de mercats consolidats com l\u2019espanyol i el de les principals ciutats connectades amb AVE, com Bilbao o Val\u00e8ncia, i a aquells mercats europeus m\u00e9s madurs com el Regne Unit, Fran\u00e7a i It\u00e0lia\u201d. \u201cSabem que s\u2019ha de cuidar el turisme de proximitat i adre\u00e7ar-nos a ell amb una oferta espec\u00edfica a trav\u00e9s dels canals i serveis m\u00e9s adequats\u201d.<\/p>\n<p>El regidor de Turisme i Ind\u00fastries Creatives, Xavier Marc\u00e9, ha assenyalat que la nova campanya \u201cincideix en l\u2019oferta cultural i se suma a l\u2019estrat\u00e8gia de diversificar els continguts que oferim a les persones que visiten la ciutat i intensificar les accions adre\u00e7ades al visitant de proximitat i, especialment, a aquells que hi accedeixen amb mitjans de transport m\u00e9s sostenibles\u201d.<\/p>\n<p>Per al president de Renfe, Isa\u00edas T\u00e1boas, aquesta iniciativa conjunta \u00e9s una mostra del comprom\u00eds de Renfe amb la ciutat de Barcelona i Catalunya, on pr\u00e0cticament mig mili\u00f3 de persones s\u00f3n clients de l\u2019operadora. \u201cA Renfe hem tingut sempre la Ciutat Comtal com a una de les nostres destinacions preferents a l\u2019hora de programa els nostres trens, tant aquells que circulen per les l\u00ednies d\u2019alta velocitat com pels que ho fan per les convencionals\u201d.<\/p>\n<p><strong>Perfil del visitant<\/strong><br \/>\nLa nova campanya va adre\u00e7ada a un visitant d\u2019entre 25 i 65 anys, que viatja en parella, fam\u00edlia o sol, amb un nivell socioecon\u00f2mic mitj\u00e0-alt i alt, amb motivacions culturals, amant de les tradicions i de l\u2019estil de via de Barcelona, on es despla\u00e7a en aquesta \u00e8poca per gaudir de l\u2019oferta d\u2019un dest\u00ed urb\u00e0 com Barcelona i de les compres.<\/p>\n<p>En aquest sentit, el Regne Unit, Fran\u00e7a i Alemanya, juntament amb It\u00e0lia i els Estats Units, s\u00f3n els principals mercats pel que fa a la destinaci\u00f3 en compres. Les compres representen una despesa superior al 22%, cosa que situa aquest sector com la segona principal partida de despesa durant l\u2019estada, per darrere de la gastronomia (45,1%). Segons l\u2019enquesta de perfil i h\u00e0bits dels turistes, que realitza peri\u00f2dicament l\u2019Observatori del Turisme a Barcelona, l\u2019oferta comercial de la ciutat rep una puntuaci\u00f3 de 8,2, en una escala de l\u20191 al 10, per part dels turistes i que el 93,9% dels visitants considera Barcelona una ciutat per passejar-hi. El 53,2% dels visitants afirma realitzar activitats relacionades amb les compres.<\/p>\n<p>Si b\u00e9 el Nadal passat el mercat nacional va representar m\u00e9s del 66% dels turistes, aquest any s\u2019espera, si les circumst\u00e0ncies ho permeten, que mercats destacats com It\u00e0lia, Fran\u00e7a i el Regne Unit recuperin prop del 25% de quota conjunta que representaven abans de la pand\u00e8mia.<\/p>\n<p><strong>Concepte creatiu: \u201cRegala\u2019t nous records\u201d<\/strong><br \/>\nL\u2019esl\u00f2gan de la campanya \u201cBarcelona estrena Nadal. Regala\u2019t nous records\u201d subratlla les noves propostes i experi\u00e8ncies amb qu\u00e8 poder celebrar de nou el Nadal, amb la mirada posada en les persones i en la ciutat com a punt de trobada. Un relat amb l\u2019imaginari centrat en l\u2019oportunitat d\u2019aquest Nadal de viure noves experi\u00e8ncies i nous records amb propostes nadalenques innovadores per tal d\u2019evocar records \u00fanics i inoblidables. El paquet d\u2019activitats de Nadal es pot trobar a la p\u00e0gina web Visitbarcelona.<\/p>\n<p>Les imatges de la campanya mostren una parella de joves que es van enamorar a Barcelona i que comparteixen els records d\u2019aquell moment, aix\u00ed com les realitats alternatives amb l\u2019oferta de Nadal.<\/p>\n<p>La campanya, realitzada per l\u2019ag\u00e8ncia Wearecp, es difondr\u00e0 fins al 31 de desembre pels canals digitals de Turisme de Barcelona i altres mitjans de comunicaci\u00f3, en format v\u00eddeo, i xarxes socials com Facebook, Instagram, Youtube, Tik Tok i Google i pret\u00e9n impactar a m\u00e9s de 140 milions de possibles visitants.<\/p>\n<p><strong>Renfe, col\u00b7laborador de transport oficial<\/strong><br \/>\nAquesta \u00e9s la primera vegada que Turisme de Barcelona arriba a un acord amb Renfe com a aliat preferent en transport i amb el vinilat dels seus trens. D\u2019aquesta manera, Renfe es converteix en el transport d\u2019aquest Nadal a la ciutat de Barcelona. Es tracta d\u2019una iniciativa que pret\u00e9n promoure el transport sostenible, on el tren esdev\u00e9 pe\u00e7a essencial en el sistema de transport per a la capital catalana. \u00c9s un mitj\u00e0 segur, fiable, c\u00f2mode i el m\u00e9s eficient des del punt de vista mediambiental.<\/p>\n<p>L\u2019acord amb Renfe contempla diverses accions comunicatives pels canals de l\u2019operadora com la newsletter, anuncis de v\u00eddeo en Play Renfe, Canal Renfe i b\u00e0ners; aix\u00ed com amb els vinilats de dues cap\u00e7aleres tractores de l\u2019AVE durant dues setmanes de desembre, la col\u00b7locaci\u00f3 de m\u00e9s de 30.000 cap\u00e7als de seients a l\u2019AVE a Barcelona amb la campanya i una inserci\u00f3 a la revista Club Renfe de desembre.<\/p>\n<p>https:\/\/www.barcelonaturisme.com\/wv3\/es\/page\/3911\/navidad-en-barcelona.html<\/p>\n","protected":false},"excerpt":{"rendered":"<p>Renfe es converteix aquest Nadal en el transport oficial de Barcelona \u00b7 Turisme de Barcelona, juntament amb Renfe, han presentat<\/p>\n","protected":false},"author":4,"featured_media":34705,"comment_status":"closed","ping_status":"open","sticky":false,"template":"","format":"standard","meta":{"footnotes":""},"categories":[818],"tags":[35,72],"class_list":["post-34704","post","type-post","status-publish","format-standard","has-post-thumbnail","hentry","category-notes-de-premsa","tag-barcelona","tag-renfe-operadora","comments-off"],"_links":{"self":[{"href":"https:\/\/www.agrupament.cat\/portal\/wp-json\/wp\/v2\/posts\/34704","targetHints":{"allow":["GET"]}}],"collection":[{"href":"https:\/\/www.agrupament.cat\/portal\/wp-json\/wp\/v2\/posts"}],"about":[{"href":"https:\/\/www.agrupament.cat\/portal\/wp-json\/wp\/v2\/types\/post"}],"author":[{"embeddable":true,"href":"https:\/\/www.agrupament.cat\/portal\/wp-json\/wp\/v2\/users\/4"}],"replies":[{"embeddable":true,"href":"https:\/\/www.agrupament.cat\/portal\/wp-json\/wp\/v2\/comments?post=34704"}],"version-history":[{"count":1,"href":"https:\/\/www.agrupament.cat\/portal\/wp-json\/wp\/v2\/posts\/34704\/revisions"}],"predecessor-version":[{"id":34706,"href":"https:\/\/www.agrupament.cat\/portal\/wp-json\/wp\/v2\/posts\/34704\/revisions\/34706"}],"wp:featuredmedia":[{"embeddable":true,"href":"https:\/\/www.agrupament.cat\/portal\/wp-json\/wp\/v2\/media\/34705"}],"wp:attachment":[{"href":"https:\/\/www.agrupament.cat\/portal\/wp-json\/wp\/v2\/media?parent=34704"}],"wp:term":[{"taxonomy":"category","embeddable":true,"href":"https:\/\/www.agrupament.cat\/portal\/wp-json\/wp\/v2\/categories?post=34704"},{"taxonomy":"post_tag","embeddable":true,"href":"https:\/\/www.agrupament.cat\/portal\/wp-json\/wp\/v2\/tags?post=34704"}],"curies":[{"name":"wp","href":"https:\/\/api.w.org\/{rel}","templated":true}]}}