{"id":34677,"date":"2021-11-20T08:00:40","date_gmt":"2021-11-20T07:00:40","guid":{"rendered":"https:\/\/www.agrupament.cat\/portal\/?p=34677"},"modified":"2021-11-21T16:41:07","modified_gmt":"2021-11-21T15:41:07","slug":"adif-adjudica-las-obras-de-mejora-de-la-urbanizacion-y-el-conjunto-arquitectonico-de-la-estacion-de-torre-pacheco-murcia","status":"publish","type":"post","link":"https:\/\/www.agrupament.cat\/portal\/2021\/11\/adif-adjudica-las-obras-de-mejora-de-la-urbanizacion-y-el-conjunto-arquitectonico-de-la-estacion-de-torre-pacheco-murcia\/","title":{"rendered":"Adif adjudica las obras de mejora de la urbanizaci\u00f3n y el conjunto arquitect\u00f3nico de la estaci\u00f3n de Torre Pacheco (Murcia)"},"content":{"rendered":"<p>Con un plazo de ejecuci\u00f3n de 8 meses<br \/>\n<strong>\u2022 El contrato tiene por objeto efectuar trabajos de rehabilitaci\u00f3n del edificio de viajeros, accesos, aparcamiento y entorno urbano circundante.<\/strong><br \/>\n<strong>\u2022 Con estas obras se pretende mantener el conjunto arquitect\u00f3nico y su entorno, dot\u00e1ndolo de mejoras de accesibilidad, sostenibilidad y eficiencia energ\u00e9tica<\/strong><\/p>\n<p>19\/11\/2021. Adif ha adjudicado el contrato para la ejecuci\u00f3n de las obras de rehabilitaci\u00f3n de la estaci\u00f3n de Torre Pacheco (situada en la l\u00ednea Murcia-Cartagena), sus accesos y el entorno urban\u00edstico cercano.<\/p>\n<p>El contrato, que ha sido adjudicado a la empresa Coymal por importe de 751.428,05 euros (IVA incluido) y un plazo de ejecuci\u00f3n de 8 meses, tiene por objeto realizar las obras destinadas a la rehabilitaci\u00f3n del edificio de viajeros, as\u00ed como la reordenaci\u00f3n de su entorno urbano inmediato, todo ello, con la intenci\u00f3n de poner en valor la calidad del patrimonio arquitect\u00f3nico ferroviario y mejorar las condiciones relativas a accesibilidad y confort ofrecidas al usuario.<\/p>\n<p>Esta inversi\u00f3n reafirma el compromiso del Mitma y de Adif con la planificaci\u00f3n y el desarrollo de nuevas actuaciones que impulsan el avance en la construcci\u00f3n y mejora de la infraestructura ferroviaria.<\/p>\n<p><strong>Antecedentes y principales actuaciones<\/strong><br \/>\nEl conjunto de la estaci\u00f3n se compone de las siguientes partes: un edificio de viajeros; dos edificios de instalaciones ferroviarias; una caseta de antiguos aseos en el and\u00e9n principal; una nave ferroviaria, actualmente en desuso; y los andenes, uno principal junto al edificio de viajeros y otro central.<\/p>\n<p>En 2018 se realizaron diversas actuaciones para la mejora de las instalaciones como desbroces y acondicionamiento de la jardiner\u00eda, mantenimiento de la fachada principal y la rampa de acceso y la mejora de la iluminaci\u00f3n en la zona de andenes.<\/p>\n<p><strong>Entre las obras m\u00e1s significativas que se van a efectuar ahora, destacan las siguientes:<\/strong><br \/>\n<span style=\"text-decoration: underline;\"><strong>1.- Edificio de viajeros<\/strong><\/span><br \/>\n&#8211; En el interior del edificio se introducir\u00e1n mejoras en la distribuci\u00f3n del espacio de uso p\u00fablico, reordenado en torno al vest\u00edbulo principal con el objetivo de ampliar y optimizar el espacio para el viajero. De este modo, se realizar\u00e1 una nueva distribuci\u00f3n que permita generar una zona de espera\/vest\u00edbulo mayor, aseos adaptados a personas con movilidad reducida y una taquilla m\u00e1s amplia y permeable. Tambi\u00e9n se introducir\u00e1n los \u00faltimos avances tecnol\u00f3gicos en sistemas de informaci\u00f3n al viajero.<br \/>\n&#8211; Tratamiento de las fachadas exteriores del edificio de viajeros, con reparaci\u00f3n de desperfectos.<br \/>\n&#8211; Renovaci\u00f3n de instalaciones el\u00e9ctricas, seguridad, telecomunicaciones, climatizaci\u00f3n, saneamiento y fontaner\u00eda.<\/p>\n<p><span style=\"text-decoration: underline;\"><strong>2.- Exterior y accesos<\/strong><\/span><br \/>\n&#8211; Creaci\u00f3n de un nuevo acceso al edificio de viajeros, bajo la premisa de accesibilidad universal, que conecte el espacio exterior urbano con el edificio y los andenes. Esta pieza de acceso se dise\u00f1ar\u00e1 para aportar mayor identidad al conjunto y presencia en la escena urbana actual. Se desarrollar\u00e1n nuevas zonas de estancia, dotadas de bancos y arbolado.<br \/>\n&#8211; Pavimentaci\u00f3n de rampas de acceso a la estaci\u00f3n y de las aceras exteriores.<br \/>\n&#8211; Reordenaci\u00f3n de las plazas de aparcamiento existentes frente a la estaci\u00f3n, con el objetivo de mejorar las condiciones ofrecidas a los usuarios de la estaci\u00f3n. Tendr\u00e1 una capacidad aproximada para 20 veh\u00edculos, reserva de plazas para personas con movilidad reducida, con un gran parterre vegetal entre el aparcamiento y el and\u00e9n principal, capaz de recoger la gran arboleda existente. Tambi\u00e9n se implantar\u00e1 un aparcamiento para bicicletas junto al edificio.<br \/>\n&#8211; Nuevo cerramiento perimetral de la estaci\u00f3n, generando una imagen homog\u00e9nea en todo el conjunto y mejora de la permeabilidad visual entre el exterior y el interior del recinto.<br \/>\n&#8211; En los andenes se renovar\u00e1 el pavimento existente, se incluir\u00e1n bandas de se\u00f1alizaci\u00f3n en los bordes y se mejorar\u00e1 la seguridad en el paso de caucho antideslizante entre andenes.<br \/>\n&#8211; Tambi\u00e9n se incorporar\u00e1 nueva megafon\u00eda y una mayor iluminaci\u00f3n.<\/p>\n<p>La rehabilitaci\u00f3n y mejora de los elementos que constituyen el patrimonio ferroviario, se basa en premisas de sostenibilidad, accesibilidad universal y eficiencia energ\u00e9tica.<\/p>\n<p>Estos trabajos contribuyen a la consecuci\u00f3n de diferentes Objetivos de Desarrollo Sostenible: ODS 9 (Industria, Innovaci\u00f3n e Infraestructura) y ODS 11 (Ciudades y Comunidades Sostenibles).<\/p>\n","protected":false},"excerpt":{"rendered":"<p>Con un plazo de ejecuci\u00f3n de 8 meses \u2022 El contrato tiene por objeto efectuar trabajos de rehabilitaci\u00f3n del edificio<\/p>\n","protected":false},"author":4,"featured_media":34678,"comment_status":"closed","ping_status":"open","sticky":false,"template":"","format":"standard","meta":{"footnotes":""},"categories":[818],"tags":[71,1090,174,912,1158],"class_list":["post-34677","post","type-post","status-publish","format-standard","has-post-thumbnail","hentry","category-notes-de-premsa","tag-adif","tag-estaciones","tag-murcia","tag-rehabilitacion","tag-torre-pacheco","comments-off"],"_links":{"self":[{"href":"https:\/\/www.agrupament.cat\/portal\/wp-json\/wp\/v2\/posts\/34677","targetHints":{"allow":["GET"]}}],"collection":[{"href":"https:\/\/www.agrupament.cat\/portal\/wp-json\/wp\/v2\/posts"}],"about":[{"href":"https:\/\/www.agrupament.cat\/portal\/wp-json\/wp\/v2\/types\/post"}],"author":[{"embeddable":true,"href":"https:\/\/www.agrupament.cat\/portal\/wp-json\/wp\/v2\/users\/4"}],"replies":[{"embeddable":true,"href":"https:\/\/www.agrupament.cat\/portal\/wp-json\/wp\/v2\/comments?post=34677"}],"version-history":[{"count":1,"href":"https:\/\/www.agrupament.cat\/portal\/wp-json\/wp\/v2\/posts\/34677\/revisions"}],"predecessor-version":[{"id":34679,"href":"https:\/\/www.agrupament.cat\/portal\/wp-json\/wp\/v2\/posts\/34677\/revisions\/34679"}],"wp:featuredmedia":[{"embeddable":true,"href":"https:\/\/www.agrupament.cat\/portal\/wp-json\/wp\/v2\/media\/34678"}],"wp:attachment":[{"href":"https:\/\/www.agrupament.cat\/portal\/wp-json\/wp\/v2\/media?parent=34677"}],"wp:term":[{"taxonomy":"category","embeddable":true,"href":"https:\/\/www.agrupament.cat\/portal\/wp-json\/wp\/v2\/categories?post=34677"},{"taxonomy":"post_tag","embeddable":true,"href":"https:\/\/www.agrupament.cat\/portal\/wp-json\/wp\/v2\/tags?post=34677"}],"curies":[{"name":"wp","href":"https:\/\/api.w.org\/{rel}","templated":true}]}}