{"id":34658,"date":"2021-11-18T08:00:04","date_gmt":"2021-11-18T07:00:04","guid":{"rendered":"https:\/\/www.agrupament.cat\/portal\/?p=34658"},"modified":"2021-11-19T11:42:53","modified_gmt":"2021-11-19T10:42:53","slug":"adif-av-adjudica-por-94-me-el-contrato-para-la-instalacion-de-via-y-electrificacion-en-la-nueva-estacion-de-cercanias-de-sant-andreu-comtal-barcelona","status":"publish","type":"post","link":"https:\/\/www.agrupament.cat\/portal\/2021\/11\/adif-av-adjudica-por-94-me-el-contrato-para-la-instalacion-de-via-y-electrificacion-en-la-nueva-estacion-de-cercanias-de-sant-andreu-comtal-barcelona\/","title":{"rendered":"Adif AV adjudica por 9,4 M\u20ac el contrato  para la instalaci\u00f3n de v\u00eda y electrificaci\u00f3n en la nueva estaci\u00f3n de Cercan\u00edas de Sant Andreu Comtal (Barcelona)"},"content":{"rendered":"<p>Plan de Rodalies 2020-2030<br \/>\n<strong>\u00b7 Se trata de actuaciones imprescindibles para el desarrollo y posterior puesta en servicio de la nueva estaci\u00f3n<\/strong><br \/>\n<strong>\u00b7 Esta actuaci\u00f3n va a ser financiada por la Uni\u00f3n Europea \u2013NextGenerationEU<\/strong><\/p>\n<p>Barcelona, 17 de noviembre de 2021 (Adif Alta Velocidad).<br \/>\nEl Consejo de Administraci\u00f3n de Adif Alta Velocidad (Adif AV) ha autorizado, en su \u00faltima reuni\u00f3n, la adjudicaci\u00f3n de las obras de las instalaciones de v\u00eda y electrificaci\u00f3n en la nueva estaci\u00f3n de Cercan\u00edas de Sant Andreu Comtal (Barcelona).<\/p>\n<p>El contrato se ha adjudicado por un importe de 9.423.538,57 euros (IVA incluido) y un plazo de ejecuci\u00f3n de 10 meses a la Uni\u00f3n Temporal de Empresas (UTE) formada por las compa\u00f1\u00edas Tecsa Empresa Constructora y Dragados.<\/p>\n<p>Con esta actuaci\u00f3n, que se enmarca en el Plan de Rodalies 2020-2030, se da un impulso definitivo para la puesta en servicio de una infraestructura que ser\u00e1 estrat\u00e9gica para la explotaci\u00f3n de la red de cercan\u00edas de Barcelona.<\/p>\n<p>El trazado comienza con tres v\u00edas en placa en ancho convencional (1.668 mm), pr\u00f3ximo a la cabecera sur de la estaci\u00f3n. Desde las v\u00edas generales, \u00e9ste arranca una cuarta v\u00eda que dar\u00e1 servicio a la estaci\u00f3n.<\/p>\n<p>Se instalar\u00e1 v\u00eda en placa hasta despu\u00e9s de los andenes, donde se definir\u00e1 una transici\u00f3n de placa a balasto de 21 m de longitud hasta la cabecera norte de la estaci\u00f3n.<\/p>\n<p>Se incluyen adem\u00e1s los nuevos desv\u00edos y escapes para mejorar la capacidad de la estaci\u00f3n, adem\u00e1s de una traves\u00eda en el acceso a los talleres de material ferroviario, que se encuentran ubicados en el sector de Sant Andreu.<\/p>\n<p>Por su parte, las actuaciones en electrificaci\u00f3n implican la renovaci\u00f3n integral de los elementos que componen la superestructura de la v\u00eda.<\/p>\n<p>Para ello, se instalar\u00e1 catenaria tipo CA-160 en todo el trazado, excepto en un tramo de 381 metros, donde se montar\u00e1 catenaria r\u00edgida.<\/p>\n<p><strong>La alimentaci\u00f3n ser\u00e1 a tensi\u00f3n de 3kV cc.<\/strong><br \/>\nEl contrato incluye la excavaci\u00f3n y construcci\u00f3n de cimentaciones, el montaje e izado de nuevos postes, p\u00f3rticos y semip\u00f3rticos, y el montaje de los diferentes elementos del sistema de electrificaci\u00f3n y de los sistemas de seguridad el\u00e9ctrica asociados.<\/p>\n<p>Adicionalmente, el proyecto incluye el dise\u00f1o de un itinerario peatonal de 347,65 metros que permitir\u00e1 conectar la Rambla de Prim y la calle Onze de Setembre y que contempla la construcci\u00f3n de una pasarela provisional de 24 m de longitud que permitir\u00e1 salvar el cruce con el antiguo trazado de la l\u00ednea de Matar\u00f3 desde el edificio de la subestaci\u00f3n el\u00e9ctrica.<\/p>\n<p>Este contrato contribuye a la consecuci\u00f3n de los Objetivos de Desarrollo Sostenible (ODS), como es el n\u00famero 9, que tiene entre sus metas el desarrollo de infraestructuras fiables, sostenibles y de calidad.<\/p>\n<p><strong>La estaci\u00f3n de Sant Andreu Comtal<\/strong><br \/>\nLa adjudicaci\u00f3n de este contrato supone un nuevo avance en la construcci\u00f3n de la estaci\u00f3n de Cercan\u00edas de Sant Andreu Comtal, despu\u00e9s de que Adif Alta Velocidad iniciara el pasado mes de enero la ejecuci\u00f3n del nuevo edificio de viajeros, que cuenta con un presupuesto superior a los 6 millones de euros (IVA incluido).<\/p>\n<p>El nuevo edificio de viajeros estar\u00e1 dotado de vest\u00edbulo, conexiones con los andenes, as\u00ed como de accesos y la adecuaci\u00f3n de su entorno urbano m\u00e1s inmediato.<\/p>\n<p>Sant Andreu Comtal ser\u00e1 una estaci\u00f3n en curva con dos andenes centrales, para atender servicios de cercan\u00edas y regionales. Los dos andenes tendr\u00e1n una anchura variable de entre 7 m y 10 m y una longitud \u00fatil de 210 m. Cada uno de ellos servir\u00e1 a dos v\u00edas, una a cada lado, formando as\u00ed una secuencia de v\u00eda, and\u00e9n, doble v\u00eda, segundo and\u00e9n y v\u00eda.<\/p>\n<p>La nueva estaci\u00f3n, una actuaci\u00f3n enmarcada en la ejecuci\u00f3n del Plan de Rodalies, estar\u00e1 integrada en el futuro parque lineal de Sant Andreu-La Sagrera y la soluci\u00f3n t\u00e9cnica define dos niveles, uno sobre la losa de plataforma que cubre las v\u00edas, donde se emplazar\u00e1 el edificio de viajeros que tendr\u00e1 una superficie de 696,33 m 2 y desde el que se acceder\u00e1 a los andenes, situados en el nivel inferior.<\/p>\n<p>El edificio de la estaci\u00f3n se compone de un paralelep\u00edpedo con los lados curvados, con dimensiones de 28,75 m x 27,54 m, acristalado y protegido por una chapa ondulada perforada al 40%, que adem\u00e1s de preservar de la luz directa servir\u00e1 de protecci\u00f3n ante posibles actos vand\u00e1licos. Esta edificaci\u00f3n se concibe totalmente construida sobre la losa que cubre, a una altura media de 5,6 m, los andenes inferiores.<\/p>\n<p>La nueva instalaci\u00f3n ser\u00e1 completamente accesible gracias a la instalaci\u00f3n de dos escaleras mec\u00e1nicas y dos ascensores, adem\u00e1s de escaleras fijas.<\/p>\n<p>A la construcci\u00f3n de la nueva estaci\u00f3n se a\u00f1adir\u00e1n en los pr\u00f3ximos meses las actuaciones de montaje de v\u00eda y electrificaci\u00f3n y las instalaciones de control, mando y se\u00f1alizaci\u00f3n.<\/p>\n<p><strong>Fondos europeos<\/strong><br \/>\nEsta actuaci\u00f3n va a ser financiada por la Uni\u00f3n Europea \u2013 NextGenerationEU.<br \/>\n\u201cUna manera de hacer Europa\u201d<\/p>\n","protected":false},"excerpt":{"rendered":"<p>Plan de Rodalies 2020-2030 \u00b7 Se trata de actuaciones imprescindibles para el desarrollo y posterior puesta en servicio de la<\/p>\n","protected":false},"author":4,"featured_media":32829,"comment_status":"closed","ping_status":"open","sticky":false,"template":"","format":"standard","meta":{"footnotes":""},"categories":[818],"tags":[71,986,254,1090,961,2],"class_list":["post-34658","post","type-post","status-publish","format-standard","has-post-thumbnail","hentry","category-notes-de-premsa","tag-adif","tag-alta-velocidad","tag-barcelona-sant-andreu-comtal","tag-estaciones","tag-infraestructuras","tag-sant-andreu-districte","comments-off"],"_links":{"self":[{"href":"https:\/\/www.agrupament.cat\/portal\/wp-json\/wp\/v2\/posts\/34658","targetHints":{"allow":["GET"]}}],"collection":[{"href":"https:\/\/www.agrupament.cat\/portal\/wp-json\/wp\/v2\/posts"}],"about":[{"href":"https:\/\/www.agrupament.cat\/portal\/wp-json\/wp\/v2\/types\/post"}],"author":[{"embeddable":true,"href":"https:\/\/www.agrupament.cat\/portal\/wp-json\/wp\/v2\/users\/4"}],"replies":[{"embeddable":true,"href":"https:\/\/www.agrupament.cat\/portal\/wp-json\/wp\/v2\/comments?post=34658"}],"version-history":[{"count":1,"href":"https:\/\/www.agrupament.cat\/portal\/wp-json\/wp\/v2\/posts\/34658\/revisions"}],"predecessor-version":[{"id":34659,"href":"https:\/\/www.agrupament.cat\/portal\/wp-json\/wp\/v2\/posts\/34658\/revisions\/34659"}],"wp:featuredmedia":[{"embeddable":true,"href":"https:\/\/www.agrupament.cat\/portal\/wp-json\/wp\/v2\/media\/32829"}],"wp:attachment":[{"href":"https:\/\/www.agrupament.cat\/portal\/wp-json\/wp\/v2\/media?parent=34658"}],"wp:term":[{"taxonomy":"category","embeddable":true,"href":"https:\/\/www.agrupament.cat\/portal\/wp-json\/wp\/v2\/categories?post=34658"},{"taxonomy":"post_tag","embeddable":true,"href":"https:\/\/www.agrupament.cat\/portal\/wp-json\/wp\/v2\/tags?post=34658"}],"curies":[{"name":"wp","href":"https:\/\/api.w.org\/{rel}","templated":true}]}}