{"id":34650,"date":"2021-11-18T18:00:36","date_gmt":"2021-11-18T17:00:36","guid":{"rendered":"https:\/\/www.agrupament.cat\/portal\/?p=34650"},"modified":"2021-11-18T18:00:36","modified_gmt":"2021-11-18T17:00:36","slug":"caf-formaliza-una-linea-verde-de-garantias-de-1079-millones-de-euros-para-el-suministro-de-trenes-electricos-en-francia","status":"publish","type":"post","link":"https:\/\/www.agrupament.cat\/portal\/2021\/11\/caf-formaliza-una-linea-verde-de-garantias-de-1079-millones-de-euros-para-el-suministro-de-trenes-electricos-en-francia\/","title":{"rendered":"CAF FORMALIZA UNA L\u00cdNEA VERDE DE GARANT\u00cdAS DE 107,9 MILLONES DE EUROS PARA EL SUMINISTRO DE TRENES EL\u00c9CTRICOS EN FRANCIA"},"content":{"rendered":"<p>18 de noviembre de 2021<br \/>\n<strong>La multinacional espa\u00f1ola CAF, l\u00edder en el dise\u00f1o y ejecuci\u00f3n de sistemas integrales de movilidad, ha confiado recientemente en Soci\u00e9t\u00e9 G\u00e9n\u00e9rale para que act\u00fae como entidad emisora fronting de una l\u00ednea o mecanismo verde de garant\u00edas por un monto de 107,9 millones para su aplicaci\u00f3n en el suministro de trenes el\u00e9ctricos, en el marco de un proyecto de transporte ferroviario interurbano de pasajeros de cero emisiones directas.<\/strong><\/p>\n<p>La entidad Soci\u00e9t\u00e9 G\u00e9n\u00e9rale ha estructurado una l\u00ednea de financiaci\u00f3n verde de 107,9 millones de euros en favor de CAF para la emisi\u00f3n de las garant\u00edas de anticipos cubierta por CESCE, la Agencia de Cr\u00e9dito a la Exportaci\u00f3n (ECA) espa\u00f1ola, en relaci\u00f3n con el contrato formalizado por CAF con SNCF Voyageurs para el suministro de 28 unidades destinadas a los ejes Par\u00eds\u2013Toulouse y Par\u00eds\u2013Clermont\u2013Ferrand, que contempla una ampliaci\u00f3n opcional de 75 unidades. Los trenes ser\u00e1n 100% el\u00e9ctricos previ\u00e9ndose que entren en servicio progresivamente a partir de 2024. Este proyecto est\u00e1 financiado por la Direcci\u00f3n General de Infraestructuras, Transportes y Mar (DGITM) del Ministerio franc\u00e9s de Transici\u00f3n Ecol\u00f3gica La empresa CAF es l\u00edder mundial en el suministro de material ferroviario y opera en m\u00e1s de 40 pa\u00edses con una de las gamas m\u00e1s completas y flexibles de soluciones para los mercados asociados con el ferrocarril, como son el material m\u00f3vil, los componentes e infraestructura ferroviaria, la se\u00f1alizaci\u00f3n y los servicios ferroviarios. Este contrato supone un nuevo paso en aras del compromiso de la empresa con una transici\u00f3n energ\u00e9tica sostenible.<\/p>\n<p>\u201cUno de los principales objetivos de CAF es crear sistemas de transporte sostenibles. La empresa aporta nuevas soluciones tecnol\u00f3gicas ofertando medios de transporte m\u00e1s eficientes y ecol\u00f3gicos\u201d, afirman fuentes de la empresa.<\/p>\n<p>\u201cEstamos orgullosos de nuestro respaldo a CAF con esta l\u00ednea verde de garant\u00edas que refuerza la movilidad sostenible. Soci\u00e9t\u00e9 G\u00e9n\u00e9rale tiene el compromiso de desempe\u00f1ar un papel clave en la transici\u00f3n energ\u00e9tica respaldando a los clientes de la entidad en proyectos con impacto positivo\u201d, explica Laetitia Rodr\u00edguez, ejecutiva de Soci\u00e9t\u00e9 G\u00e9n\u00e9rale.<\/p>\n","protected":false},"excerpt":{"rendered":"<p>18 de noviembre de 2021 La multinacional espa\u00f1ola CAF, l\u00edder en el dise\u00f1o y ejecuci\u00f3n de sistemas integrales de movilidad,<\/p>\n","protected":false},"author":4,"featured_media":0,"comment_status":"closed","ping_status":"open","sticky":false,"template":"","format":"standard","meta":{"footnotes":""},"categories":[818],"tags":[78,103,472,1395,1179],"class_list":["post-34650","post","type-post","status-publish","format-standard","hentry","category-notes-de-premsa","tag-caf","tag-francia","tag-sncf","tag-suministro","tag-trenes","comments-off"],"_links":{"self":[{"href":"https:\/\/www.agrupament.cat\/portal\/wp-json\/wp\/v2\/posts\/34650","targetHints":{"allow":["GET"]}}],"collection":[{"href":"https:\/\/www.agrupament.cat\/portal\/wp-json\/wp\/v2\/posts"}],"about":[{"href":"https:\/\/www.agrupament.cat\/portal\/wp-json\/wp\/v2\/types\/post"}],"author":[{"embeddable":true,"href":"https:\/\/www.agrupament.cat\/portal\/wp-json\/wp\/v2\/users\/4"}],"replies":[{"embeddable":true,"href":"https:\/\/www.agrupament.cat\/portal\/wp-json\/wp\/v2\/comments?post=34650"}],"version-history":[{"count":1,"href":"https:\/\/www.agrupament.cat\/portal\/wp-json\/wp\/v2\/posts\/34650\/revisions"}],"predecessor-version":[{"id":34651,"href":"https:\/\/www.agrupament.cat\/portal\/wp-json\/wp\/v2\/posts\/34650\/revisions\/34651"}],"wp:attachment":[{"href":"https:\/\/www.agrupament.cat\/portal\/wp-json\/wp\/v2\/media?parent=34650"}],"wp:term":[{"taxonomy":"category","embeddable":true,"href":"https:\/\/www.agrupament.cat\/portal\/wp-json\/wp\/v2\/categories?post=34650"},{"taxonomy":"post_tag","embeddable":true,"href":"https:\/\/www.agrupament.cat\/portal\/wp-json\/wp\/v2\/tags?post=34650"}],"curies":[{"name":"wp","href":"https:\/\/api.w.org\/{rel}","templated":true}]}}