{"id":34404,"date":"2021-10-30T18:03:30","date_gmt":"2021-10-30T16:03:30","guid":{"rendered":"https:\/\/www.agrupament.cat\/portal\/?p=34404"},"modified":"2021-10-30T18:03:30","modified_gmt":"2021-10-30T16:03:30","slug":"ilsa-ha-seleccionado-la-torre-arnaiz-en-mendez-alvaro-cerca-de-la-estacion-de-atocha-como-sus-nuevas-oficinas-operativas-en-madrid","status":"publish","type":"post","link":"https:\/\/www.agrupament.cat\/portal\/2021\/10\/ilsa-ha-seleccionado-la-torre-arnaiz-en-mendez-alvaro-cerca-de-la-estacion-de-atocha-como-sus-nuevas-oficinas-operativas-en-madrid\/","title":{"rendered":"ILSA, ha seleccionado la Torre Arnaiz, en M\u00e9ndez \u00c1lvaro, cerca de la estaci\u00f3n de Atocha, como sus nuevas oficinas operativas en Madrid,"},"content":{"rendered":"<p>ILSA, con sede central en Valencia, ha seleccionado la Torre Arnaiz, en M\u00e9ndez \u00c1lvaro, cerca de la estaci\u00f3n de Atocha, como sus nuevas oficinas operativas en Madrid, con la motivaci\u00f3n de estar m\u00e1s cerca de nuestros clientes y de la operativa ferroviaria.<\/p>\n<p>En este nuevo inicio de etapa, continuamos creciendo como Familia ILSA, para seguir fortaleci\u00e9ndonos con el mejor talento espa\u00f1ol y europeo del sector que nos permitir\u00e1 afrontar los nuevos retos que pone sobre la mesa la liberalizaci\u00f3n ferroviaria.<\/p>\n<p>Cerramos octubre con otro hito importante: la llegada de un nuevo ETR 1000 a Espa\u00f1a. El segundo, de una flota inicial de 20, participar\u00e1 en el proceso de homologaci\u00f3n que actualmente adelanta la compa\u00f1\u00eda, en el contexto del despliegue progresivo de nuestra flota.<\/p>\n<p>A su vez, hemos adjudicado a Hitachi Rail el contrato de mantenimiento de nuestra nueva flota, firmando un acuerdo por 737 millones y una duraci\u00f3n de 30 a\u00f1os.<\/p>\n<p>Seguimos superando etapas, mejorando procesos y trabajando d\u00eda a d\u00eda para dise\u00f1ar el Nuevo Est\u00e1ndar de la Movilidad en Europa.<\/p>\n<p>&#8212;&#8212;&#8212;&#8212;&#8212;&#8212;&#8212;&#8212;&#8212;&#8212;&#8212;&#8212;&#8212;&#8212;&#8212;&#8212;&#8212;&#8212;&#8212;&#8212;&#8212;&#8212;&#8212;&#8212;&#8212;&#8212;&#8212;&#8212;&#8212;&#8212;&#8212;&#8212;&#8212;&#8212;&#8212;&#8212;&#8212;&#8212;&#8212;&#8212;&#8212;&#8212;&#8212;&#8212;&#8212;&#8212;&#8212;&#8212;&#8212;&#8212;&#8212;&#8212;&#8212;&#8212;&#8212;&#8212;&#8212;&#8212;&#8212;&#8212;&#8212;&#8212;&#8212;&#8212;&#8212;&#8212;&#8212;&#8212;&#8212;&#8212;&#8212;&#8212;&#8212;&#8212;&#8212;&#8212;&#8212;&#8212;&#8212;&#8212;&#8212;&#8211;<\/p>\n<p>&#8212;&#8212;&#8212;&#8212;&#8212;&#8212;&#8212;&#8212;&#8212;&#8212;&#8212;&#8212;&#8212;&#8212;&#8212;&#8212;&#8212;&#8212;&#8212;&#8212;&#8212;&#8212;&#8212;&#8212;&#8212;&#8212;&#8212;&#8212;&#8212;&#8212;&#8212;&#8212;&#8212;&#8212;&#8212;&#8212;&#8212;&#8212;&#8212;&#8212;&#8212;&#8212;&#8212;&#8212;&#8212;&#8212;&#8212;&#8212;&#8212;&#8212;&#8212;&#8212;&#8212;&#8212;&#8212;&#8212;&#8212;&#8212;&#8212;&#8212;&#8212;&#8212;&#8212;&#8212;&#8212;&#8212;&#8212;&#8212;&#8212;&#8212;&#8212;&#8212;&#8212;&#8212;&#8212;&#8212;-<\/p>\n","protected":false},"excerpt":{"rendered":"<p>ILSA, con sede central en Valencia, ha seleccionado la Torre Arnaiz, en M\u00e9ndez \u00c1lvaro, cerca de la estaci\u00f3n de Atocha,<\/p>\n","protected":false},"author":4,"featured_media":34025,"comment_status":"closed","ping_status":"open","sticky":false,"template":"","format":"standard","meta":{"footnotes":""},"categories":[818],"tags":[38,847,84,1371],"class_list":["post-34404","post","type-post","status-publish","format-standard","has-post-thumbnail","hentry","category-notes-de-premsa","tag-europa","tag-ilsa","tag-madrid","tag-oficinas","comments-off"],"_links":{"self":[{"href":"https:\/\/www.agrupament.cat\/portal\/wp-json\/wp\/v2\/posts\/34404","targetHints":{"allow":["GET"]}}],"collection":[{"href":"https:\/\/www.agrupament.cat\/portal\/wp-json\/wp\/v2\/posts"}],"about":[{"href":"https:\/\/www.agrupament.cat\/portal\/wp-json\/wp\/v2\/types\/post"}],"author":[{"embeddable":true,"href":"https:\/\/www.agrupament.cat\/portal\/wp-json\/wp\/v2\/users\/4"}],"replies":[{"embeddable":true,"href":"https:\/\/www.agrupament.cat\/portal\/wp-json\/wp\/v2\/comments?post=34404"}],"version-history":[{"count":1,"href":"https:\/\/www.agrupament.cat\/portal\/wp-json\/wp\/v2\/posts\/34404\/revisions"}],"predecessor-version":[{"id":34406,"href":"https:\/\/www.agrupament.cat\/portal\/wp-json\/wp\/v2\/posts\/34404\/revisions\/34406"}],"wp:featuredmedia":[{"embeddable":true,"href":"https:\/\/www.agrupament.cat\/portal\/wp-json\/wp\/v2\/media\/34025"}],"wp:attachment":[{"href":"https:\/\/www.agrupament.cat\/portal\/wp-json\/wp\/v2\/media?parent=34404"}],"wp:term":[{"taxonomy":"category","embeddable":true,"href":"https:\/\/www.agrupament.cat\/portal\/wp-json\/wp\/v2\/categories?post=34404"},{"taxonomy":"post_tag","embeddable":true,"href":"https:\/\/www.agrupament.cat\/portal\/wp-json\/wp\/v2\/tags?post=34404"}],"curies":[{"name":"wp","href":"https:\/\/api.w.org\/{rel}","templated":true}]}}