{"id":34371,"date":"2021-10-18T18:55:52","date_gmt":"2021-10-18T16:55:52","guid":{"rendered":"https:\/\/www.agrupament.cat\/portal\/?p=34371"},"modified":"2021-10-18T18:59:32","modified_gmt":"2021-10-18T16:59:32","slug":"tres-edificis-singulars-de-tmb-obren-portes-durant-el-48h-open-house-barcelona-2021","status":"publish","type":"post","link":"https:\/\/www.agrupament.cat\/portal\/2021\/10\/tres-edificis-singulars-de-tmb-obren-portes-durant-el-48h-open-house-barcelona-2021\/","title":{"rendered":"Tres edificis singulars de TMB obren portes durant el 48h Open House Barcelona 2021"},"content":{"rendered":"<p><strong>\u00b7 El taller de les l\u00ednies 9\/10 de metro de Can Zam, la cotxera d&#8217;autobusos d&#8217;Horta i la cotxera del Tramvia Blau es podran visitar amb motiu del festival d&#8217;arquitectura que se celebra el 23 i el 24 d&#8217;octubre.<\/strong><\/p>\n<p>18.10.2021. TMB col\u00b7labora un any m\u00e9s amb el festival <strong><span style=\"color: #000000;\"><a style=\"color: #000000;\" href=\"https:\/\/www.48hopenhousebarcelona.org\/es\/\">48 Open House Barcelona,<\/a> <\/span><\/strong> obrint les portes d&#8217;espais singulars de les instal\u00b7lacions de metro i autobusos. El cap de setmana vinent es podran visitar de franc la cotxera del Tramvia Blau, la cotxera d&#8217;autobusos d&#8217;Horta i el taller de Can Zam de les l\u00ednies autom\u00e0tiques L9\/L10 de metro, a Santa Coloma de Gramenet.<\/p>\n<p>Les visites guiades a Can Zam seran dissabte 23 al mat\u00ed i cal fer la inscripci\u00f3 pr\u00e8via al web del festival a partir de dem\u00e0. Les de la cotxera d&#8217;Horta i la del Tramvia Blau seran diumenge 24 al mat\u00ed. L&#8217;any passat tots tres espais van rebre en conjunt 361 visitants.<\/p>\n<p>Per segona vegada obrir\u00e0 les seves portes al p\u00fablic en el marc d&#8217;aquest festival d&#8217;arquitectura la cotxera del Tramvia Blau, una de les m\u00e9s antigues d&#8217;Europa i sobre la qual s&#8217;est\u00e0 redactant un projecte d&#8217;actualitzaci\u00f3 en el marc de la remodelaci\u00f3 de tota la infraestructura de l&#8217;hist\u00f2ric tramvia i el seu entorn urban\u00edstic. En el cas de la cotxera d&#8217;Horta, el recorregut per l&#8217;interior es fa en un autob\u00fas descobert de dos pisos des d&#8217;on s&#8217;aprecien la grandiositat d&#8217;un equipament excavat en part al vessant de Collserola i l&#8217;originalitat de la soluci\u00f3 de l&#8217;estructura amb un sol pilar, anomenat la palmera, que suporta prop de 6.000 tones de pes.<\/p>\n<p>El festival 48h Open House es caracteritza per la divulgaci\u00f3 del patrimoni arquitect\u00f2nic de Barcelona i la seva \u00e0rea metropolitana. En aquesta 12a edici\u00f3 el tema transversal \u00e9s l&#8217;arquitectura mediterr\u00e0nia i com a arquitecte destacat ha estat escollit Jos\u00e9 Antonio Coderch, de Sentmenat. Tots els edificis i itineraris visitables es poden consultar al programa del festival.<\/p>\n","protected":false},"excerpt":{"rendered":"<p>\u00b7 El taller de les l\u00ednies 9\/10 de metro de Can Zam, la cotxera d&#8217;autobusos d&#8217;Horta i la cotxera del<\/p>\n","protected":false},"author":4,"featured_media":34372,"comment_status":"closed","ping_status":"open","sticky":false,"template":"","format":"standard","meta":{"footnotes":""},"categories":[818],"tags":[943,193,477,56,372],"class_list":["post-34371","post","type-post","status-publish","format-standard","has-post-thumbnail","hentry","category-notes-de-premsa","tag-cotxeres","tag-l09-nord-sagrera-can-zam","tag-l10-nord-sagrera-gorc","tag-metro-barcelona-tmb","tag-tramvia-blau","comments-off"],"_links":{"self":[{"href":"https:\/\/www.agrupament.cat\/portal\/wp-json\/wp\/v2\/posts\/34371","targetHints":{"allow":["GET"]}}],"collection":[{"href":"https:\/\/www.agrupament.cat\/portal\/wp-json\/wp\/v2\/posts"}],"about":[{"href":"https:\/\/www.agrupament.cat\/portal\/wp-json\/wp\/v2\/types\/post"}],"author":[{"embeddable":true,"href":"https:\/\/www.agrupament.cat\/portal\/wp-json\/wp\/v2\/users\/4"}],"replies":[{"embeddable":true,"href":"https:\/\/www.agrupament.cat\/portal\/wp-json\/wp\/v2\/comments?post=34371"}],"version-history":[{"count":3,"href":"https:\/\/www.agrupament.cat\/portal\/wp-json\/wp\/v2\/posts\/34371\/revisions"}],"predecessor-version":[{"id":34375,"href":"https:\/\/www.agrupament.cat\/portal\/wp-json\/wp\/v2\/posts\/34371\/revisions\/34375"}],"wp:featuredmedia":[{"embeddable":true,"href":"https:\/\/www.agrupament.cat\/portal\/wp-json\/wp\/v2\/media\/34372"}],"wp:attachment":[{"href":"https:\/\/www.agrupament.cat\/portal\/wp-json\/wp\/v2\/media?parent=34371"}],"wp:term":[{"taxonomy":"category","embeddable":true,"href":"https:\/\/www.agrupament.cat\/portal\/wp-json\/wp\/v2\/categories?post=34371"},{"taxonomy":"post_tag","embeddable":true,"href":"https:\/\/www.agrupament.cat\/portal\/wp-json\/wp\/v2\/tags?post=34371"}],"curies":[{"name":"wp","href":"https:\/\/api.w.org\/{rel}","templated":true}]}}