{"id":34256,"date":"2021-10-01T01:23:15","date_gmt":"2021-09-30T23:23:15","guid":{"rendered":"https:\/\/www.agrupament.cat\/portal\/?p=34256"},"modified":"2021-10-01T01:23:15","modified_gmt":"2021-09-30T23:23:15","slug":"vicepresidencia-exigeix-a-lestat-el-traspas-immediat-de-rodalies","status":"publish","type":"post","link":"https:\/\/www.agrupament.cat\/portal\/2021\/10\/vicepresidencia-exigeix-a-lestat-el-traspas-immediat-de-rodalies\/","title":{"rendered":"Vicepresid\u00e8ncia exigeix a l&#8217;Estat el trasp\u00e0s &#8220;immediat&#8221; de Rodalies"},"content":{"rendered":"<p>30 setembre 2021<br \/>\n<strong>\u00b7 El secretari general del Departament de la Vicepresid\u00e8ncia i de Pol\u00edtiques Digitals i Territori, Ricard Font, reclama \u201cobrir la negociaci\u00f3 el m\u00e9s r\u00e0pidament possible\u201d<\/strong><br \/>\n<strong>\u00b7 Reclama tamb\u00e9 a Renfe posar els mitjans necessaris per garantir la prestaci\u00f3 dels serveis m\u00ednims durant totes les jornades de vaga convocades<\/strong><\/p>\n<p>El secretari general del Departament de la Vicepresid\u00e8ncia i de Pol\u00edtiques Digitals i Territori, Ricard Font, ha exigit avui a l\u2019Estat \u201cel trasp\u00e0s immediat dels serveis de rodalies i regionals al Govern de Catalunya\u201d, davant les incid\u00e8ncies registrades aquest mat\u00ed, durant la primera de les jornades de vaga convocades pels sindicats de maquinistes de Renfe.<\/p>\n<p>\u201cEl fet que estiguem al davant d\u2019una vaga que darrera t\u00e9 la motivaci\u00f3, precisament, d\u2019impedir aquest trasp\u00e0s fa necessari que exigim a l\u2019Estat obrir la negociaci\u00f3 de la manera m\u00e9s r\u00e0pida possible\u201d, ha reclamat avui Font.<\/p>\n<p>L\u2019objectiu de \u201ccompletar el trasp\u00e0s\u201d \u00e9s que, \u201cd\u2019una vegada per totes, Catalunya tingui uns serveis de rodalies i regionals a l\u2019al\u00e7ada de les necessitats dels seus ciutadans, que els fan servir dia a dia per despla\u00e7ar-se i que es veuen perjudicats pel mal servei que reben de l\u2019operador, Renfe\u201d, ha emfasitzat el secretari general.<\/p>\n<p>Font tamb\u00e9 ha exigit a Renfe que posi tots els mitjans al seu abast per garantir el compliment dels serveis m\u00ednims decretats durant totes les jornades de vaga convocades. \u201cSerem exigents en la prestaci\u00f3 dels serveis\u201d, ha assegurat.<\/p>\n","protected":false},"excerpt":{"rendered":"<p>30 setembre 2021 \u00b7 El secretari general del Departament de la Vicepresid\u00e8ncia i de Pol\u00edtiques Digitals i Territori, Ricard Font,<\/p>\n","protected":false},"author":4,"featured_media":34257,"comment_status":"closed","ping_status":"open","sticky":false,"template":"","format":"standard","meta":{"footnotes":""},"categories":[818],"tags":[17,73,1356,72,44,1358,58],"class_list":["post-34256","post","type-post","status-publish","format-standard","has-post-thumbnail","hentry","category-notes-de-premsa","tag-afectacions-e-incidencies","tag-generalitat-de-catalunya-territori-i-sostenibilitat","tag-maquinistas","tag-renfe-operadora","tag-rodalies-cercanias","tag-traspas","tag-vagas-huelgas","comments-off"],"_links":{"self":[{"href":"https:\/\/www.agrupament.cat\/portal\/wp-json\/wp\/v2\/posts\/34256","targetHints":{"allow":["GET"]}}],"collection":[{"href":"https:\/\/www.agrupament.cat\/portal\/wp-json\/wp\/v2\/posts"}],"about":[{"href":"https:\/\/www.agrupament.cat\/portal\/wp-json\/wp\/v2\/types\/post"}],"author":[{"embeddable":true,"href":"https:\/\/www.agrupament.cat\/portal\/wp-json\/wp\/v2\/users\/4"}],"replies":[{"embeddable":true,"href":"https:\/\/www.agrupament.cat\/portal\/wp-json\/wp\/v2\/comments?post=34256"}],"version-history":[{"count":1,"href":"https:\/\/www.agrupament.cat\/portal\/wp-json\/wp\/v2\/posts\/34256\/revisions"}],"predecessor-version":[{"id":34258,"href":"https:\/\/www.agrupament.cat\/portal\/wp-json\/wp\/v2\/posts\/34256\/revisions\/34258"}],"wp:featuredmedia":[{"embeddable":true,"href":"https:\/\/www.agrupament.cat\/portal\/wp-json\/wp\/v2\/media\/34257"}],"wp:attachment":[{"href":"https:\/\/www.agrupament.cat\/portal\/wp-json\/wp\/v2\/media?parent=34256"}],"wp:term":[{"taxonomy":"category","embeddable":true,"href":"https:\/\/www.agrupament.cat\/portal\/wp-json\/wp\/v2\/categories?post=34256"},{"taxonomy":"post_tag","embeddable":true,"href":"https:\/\/www.agrupament.cat\/portal\/wp-json\/wp\/v2\/tags?post=34256"}],"curies":[{"name":"wp","href":"https:\/\/api.w.org\/{rel}","templated":true}]}}