{"id":34244,"date":"2021-10-01T00:23:10","date_gmt":"2021-09-30T22:23:10","guid":{"rendered":"https:\/\/www.agrupament.cat\/portal\/?p=34244"},"modified":"2021-10-01T00:27:54","modified_gmt":"2021-09-30T22:27:54","slug":"laia-bonet-ha-sido-designada-presidenta-de-tmb-por-los-consejos-de-administracion-de-metro-y-bus","status":"publish","type":"post","link":"https:\/\/www.agrupament.cat\/portal\/2021\/10\/laia-bonet-ha-sido-designada-presidenta-de-tmb-por-los-consejos-de-administracion-de-metro-y-bus\/","title":{"rendered":"Laia Bonet ha sido designada presidenta de TMB por los consejos de administraci\u00f3n de Metro y Bus"},"content":{"rendered":"<p>30 de septiembre del 2021<br \/>\n<strong>La nueva presidenta ha resaltado que &#8220;TMB y sus trabajadores son el mejor ejemplo de lo que queremos para el futuro: un transporte p\u00fablico sostenible, innovador y al servicio de la ciudadan\u00eda&#8221;<\/strong><\/p>\n<p>Ayer por la tarde los consejos de administraci\u00f3n de las dos principales sociedades del Grupo TMB, Ferrocarril Metropolit\u00e0 de Barcelona, SA (Metro), y Transports de Barcelona, SA (Autobuses), designaron a Laia Bonet Rull como nueva presidenta de TMB, que toma as\u00ed el relevo de Rosa Alarc\u00f3n.<\/p>\n<p>Laia Bonet es la tercera teniente de alcald\u00eda del Ayuntamiento de Barcelona con competencias en la gesti\u00f3n de la Agenda 2030, transici\u00f3n digital, deportes, coordinaci\u00f3n territorial y metropolitana. Desde hace unos d\u00edas ha asumido tambi\u00e9n el \u00e1mbito de Movilidad en Barcelona y ahora las presidencias de TMB y del Instituto del Taxi.<\/p>\n<p>Jurista de formaci\u00f3n, Bonet fue secretaria del Gobierno de la Generalitat de Catalunya en el periodo 2007-2010, y diputada en el Parlament de Catalunya entre 2010 y 2012, per\u00edodo en que fue portavoz adjunta del grupo parlamentario socialista. Tambi\u00e9n ha ejercido como docente de Derecho Administrativo (en la Universidad Pompeu Fabra) y Derecho de la Comunicaci\u00f3n (Blanquerna &#8211; URL).<\/p>\n<p>En el consejo de administraci\u00f3n en el que ha sido nombrada presidenta de TMB, Laia Bonet ha agradecido el trabajo desarrollado por su antecesora, Rosa Alarc\u00f3n, y ha destacado que &#8220;ha hecho un trabajo excepcional en un momento extraordinario. Ahora, Barcelona y el conjunto del \u00e1rea metropolitana entran en una nueva etapa marcada por la recuperaci\u00f3n en la que tendremos que ser m\u00e1s ambiciosos que nunca&#8221;.<\/p>\n<p>La nueva presidenta ha resaltado que &#8220;TMB y sus trabajadores son el mejor ejemplo de lo que queremos para el futuro: un transporte p\u00fablico sostenible, innovador y al servicio de la ciudadan\u00eda&#8221;.<\/p>\n","protected":false},"excerpt":{"rendered":"<p>30 de septiembre del 2021 La nueva presidenta ha resaltado que &#8220;TMB y sus trabajadores son el mejor ejemplo de<\/p>\n","protected":false},"author":4,"featured_media":34247,"comment_status":"closed","ping_status":"open","sticky":false,"template":"","format":"standard","meta":{"footnotes":""},"categories":[818],"tags":[1305,922,56],"class_list":["post-34244","post","type-post","status-publish","format-standard","has-post-thumbnail","hentry","category-notes-de-premsa","tag-consejo-administracion","tag-nombramientos","tag-metro-barcelona-tmb","comments-off"],"_links":{"self":[{"href":"https:\/\/www.agrupament.cat\/portal\/wp-json\/wp\/v2\/posts\/34244","targetHints":{"allow":["GET"]}}],"collection":[{"href":"https:\/\/www.agrupament.cat\/portal\/wp-json\/wp\/v2\/posts"}],"about":[{"href":"https:\/\/www.agrupament.cat\/portal\/wp-json\/wp\/v2\/types\/post"}],"author":[{"embeddable":true,"href":"https:\/\/www.agrupament.cat\/portal\/wp-json\/wp\/v2\/users\/4"}],"replies":[{"embeddable":true,"href":"https:\/\/www.agrupament.cat\/portal\/wp-json\/wp\/v2\/comments?post=34244"}],"version-history":[{"count":1,"href":"https:\/\/www.agrupament.cat\/portal\/wp-json\/wp\/v2\/posts\/34244\/revisions"}],"predecessor-version":[{"id":34246,"href":"https:\/\/www.agrupament.cat\/portal\/wp-json\/wp\/v2\/posts\/34244\/revisions\/34246"}],"wp:featuredmedia":[{"embeddable":true,"href":"https:\/\/www.agrupament.cat\/portal\/wp-json\/wp\/v2\/media\/34247"}],"wp:attachment":[{"href":"https:\/\/www.agrupament.cat\/portal\/wp-json\/wp\/v2\/media?parent=34244"}],"wp:term":[{"taxonomy":"category","embeddable":true,"href":"https:\/\/www.agrupament.cat\/portal\/wp-json\/wp\/v2\/categories?post=34244"},{"taxonomy":"post_tag","embeddable":true,"href":"https:\/\/www.agrupament.cat\/portal\/wp-json\/wp\/v2\/tags?post=34244"}],"curies":[{"name":"wp","href":"https:\/\/api.w.org\/{rel}","templated":true}]}}