{"id":34146,"date":"2021-09-09T17:56:44","date_gmt":"2021-09-09T15:56:44","guid":{"rendered":"https:\/\/www.agrupament.cat\/portal\/?p=34146"},"modified":"2021-09-09T17:56:44","modified_gmt":"2021-09-09T15:56:44","slug":"barcelona-la-xarxa-de-metro-recupera-el-servei-continuat-de-les-nits-de-dissabte-despres-de-verificar-ne-la-viabilitat","status":"publish","type":"post","link":"https:\/\/www.agrupament.cat\/portal\/2021\/09\/barcelona-la-xarxa-de-metro-recupera-el-servei-continuat-de-les-nits-de-dissabte-despres-de-verificar-ne-la-viabilitat\/","title":{"rendered":"Barcelona. La xarxa de metro recupera el servei continuat de les nits de dissabte despr\u00e9s de verificar-ne la viabilitat"},"content":{"rendered":"<p>8 de setembre del 2021<br \/>\n<strong>TMB ha valorat l\u2019augment de mobilitat que generen les activitats culturals i festives previstes les pr\u00f2ximes setmanes a l\u2019\u00e0rea de Barcelona<\/strong><\/p>\n<p>Transports Metropolitans de Barcelona (TMB) adequar\u00e0 a partir d\u2019aquesta setmana el servei de la xarxa de metro de manera que les nits de dissabte a diumenge els trens circularan tota la matinada sense interrupci\u00f3. La recuperaci\u00f3 del funcionament continuat del cap de setmana es produeix despr\u00e9s d\u2019haver-ne estudiat la viabilitat i tenint en compte les necessitats de mobilitat que generaran les activitats programades per als pr\u00f2xims caps de setmana a Barcelona i altres municipis, entre les quals les Festes de la Merc\u00e8.<\/p>\n<p>Al llarg de les diverses fases de la crisi sanit\u00e0ria, TMB ha anat adaptant el seu servei per atendre les necessitats dels usuaris dins l\u2019\u00e0mbit del sistema coordinat per l\u2019Autoritat del Transport Metropolit\u00e0 de l\u2019\u00e0rea de Barcelona. Actualment i des del juliol passat l\u2019horari de la xarxa de metro \u00e9s de 5 del mat\u00ed a la mitjanit, amb una prolongaci\u00f3 fins a les 2 de la matinada els divendres, dissabtes i vig\u00edlies de festiu. L\u2019horari dels divendres i vig\u00edlies de festiu es mant\u00e9 sense alteraci\u00f3 fins a les 2.<\/p>\n<p>L\u2019augment de disponibilitat de transport p\u00fablic massiu es dur\u00e0 a terme en un context de plena vig\u00e8ncia de les mesures de prevenci\u00f3 de contagis, com ara l\u2019obligatorietat de la mascareta, l\u2019aplicaci\u00f3 de gels hidroalcoh\u00f2lics, la recomanaci\u00f3 d\u2019evitar aglomeracions quan sigui possible i de no menjar, beure ni parlar, entre d\u2019altres.<\/p>\n","protected":false},"excerpt":{"rendered":"<p>8 de setembre del 2021 TMB ha valorat l\u2019augment de mobilitat que generen les activitats culturals i festives previstes les<\/p>\n","protected":false},"author":4,"featured_media":22604,"comment_status":"closed","ping_status":"open","sticky":false,"template":"","format":"standard","meta":{"footnotes":""},"categories":[818],"tags":[35,225,583,56],"class_list":["post-34146","post","type-post","status-publish","format-standard","has-post-thumbnail","hentry","category-notes-de-premsa","tag-barcelona","tag-metro","tag-restabliment-del-servei","tag-metro-barcelona-tmb","comments-off"],"_links":{"self":[{"href":"https:\/\/www.agrupament.cat\/portal\/wp-json\/wp\/v2\/posts\/34146","targetHints":{"allow":["GET"]}}],"collection":[{"href":"https:\/\/www.agrupament.cat\/portal\/wp-json\/wp\/v2\/posts"}],"about":[{"href":"https:\/\/www.agrupament.cat\/portal\/wp-json\/wp\/v2\/types\/post"}],"author":[{"embeddable":true,"href":"https:\/\/www.agrupament.cat\/portal\/wp-json\/wp\/v2\/users\/4"}],"replies":[{"embeddable":true,"href":"https:\/\/www.agrupament.cat\/portal\/wp-json\/wp\/v2\/comments?post=34146"}],"version-history":[{"count":1,"href":"https:\/\/www.agrupament.cat\/portal\/wp-json\/wp\/v2\/posts\/34146\/revisions"}],"predecessor-version":[{"id":34147,"href":"https:\/\/www.agrupament.cat\/portal\/wp-json\/wp\/v2\/posts\/34146\/revisions\/34147"}],"wp:featuredmedia":[{"embeddable":true,"href":"https:\/\/www.agrupament.cat\/portal\/wp-json\/wp\/v2\/media\/22604"}],"wp:attachment":[{"href":"https:\/\/www.agrupament.cat\/portal\/wp-json\/wp\/v2\/media?parent=34146"}],"wp:term":[{"taxonomy":"category","embeddable":true,"href":"https:\/\/www.agrupament.cat\/portal\/wp-json\/wp\/v2\/categories?post=34146"},{"taxonomy":"post_tag","embeddable":true,"href":"https:\/\/www.agrupament.cat\/portal\/wp-json\/wp\/v2\/tags?post=34146"}],"curies":[{"name":"wp","href":"https:\/\/api.w.org\/{rel}","templated":true}]}}