{"id":34104,"date":"2021-09-04T08:00:56","date_gmt":"2021-09-04T06:00:56","guid":{"rendered":"https:\/\/www.agrupament.cat\/portal\/?p=34104"},"modified":"2021-09-06T12:03:18","modified_gmt":"2021-09-06T10:03:18","slug":"visita-la-fundacion-de-los-ferrocarriles-espanoles-con-bienvenidos-a-palacio","status":"publish","type":"post","link":"https:\/\/www.agrupament.cat\/portal\/2021\/09\/visita-la-fundacion-de-los-ferrocarriles-espanoles-con-bienvenidos-a-palacio\/","title":{"rendered":"Visita la Fundaci\u00f3n de los Ferrocarriles Espa\u00f1oles con \u00a1Bienvenidos a Palacio!"},"content":{"rendered":"<p><strong>Se podr\u00e1 visitar el Palacio de Fern\u00e1n N\u00fa\u00f1ez, sede de la Fundaci\u00f3n, durante los d\u00edas 5, 19 y 26 de octubre y 16 y 23 de noviembre, adem\u00e1s de asistir a dos conciertos el 16 de diciembre, dentro del ciclo \u201cFlamenco en Palacio: una mirada diversa al patrimonio jondo\u201d, previa inscripci\u00f3n en la web de \u00a1Bienvenidos a Palacio!<\/strong><\/p>\n<p>La Fundaci\u00f3n ha colaborado en este programa de la Comunidad de Madrid desde su primera edici\u00f3n, ofreciendo a los madrile\u00f1os la posibilidad de disfrutar de su sede, el Palacio de Fern\u00e1n N\u00fa\u00f1ez.<\/p>\n<p>Madrid, 3 de septiembre de 2021. La Fundaci\u00f3n de los Ferrocarriles Espa\u00f1oles abre las puertas de su sede, el Palacio de Fern\u00e1n N\u00fa\u00f1ez, en colaboraci\u00f3n con la Comunidad de Madrid y su programa \u00a1Bienvenidos a Palacio! Hoy a las 10:00 h se abren las inscripciones en la web de reservas de la Direcci\u00f3n General de Patrimonio Cultural. En total, se contemplan tres visitas diarias al palacio los d\u00edas 5, 19 y 26 de octubre y 16 y 23 de noviembre, y dos conciertos el 16 de diciembre de la cantaora \u00c1ngeles Toledano, dentro del ciclo \u201cFlamenco en palacio: una mirada diversa al patrimonio jondo\u201d, que recoge la tradici\u00f3n hist\u00f3rica de los tablaos flamencos para reivindicar este rico legado patrimonial. Las visitas ser\u00e1n guiadas por especialistas en did\u00e1ctica del Patrimonio, que explicar\u00e1n la evoluci\u00f3n arquitect\u00f3nica y las diversas funciones que han tenido a lo largo de su historia.<\/p>\n<p>\u00a1Bienvenidos a Palacio! es una iniciativa de la Direcci\u00f3n General de Patrimonio Cultural de la Comunidad de Madrid que ofrece la posibilidad de disfrutar de una extraordinaria selecci\u00f3n de palacios madrile\u00f1os que conservan en gran medida sus caracter\u00edsticas originales, tanto a nivel arquitect\u00f3nico como ornamental. En total se ofrecen m\u00e1s de 7.300 plazas gratuitas para las visitas y los conciertos incluidos en la programaci\u00f3n, y este a\u00f1o alcanza ya su octava edici\u00f3n.<\/p>\n<p>El ciclo de conciertos expone una variada muestra del acervo musical flamenco en un escenario \u00fanico, como son algunos de los magn\u00edficos palacios de la Comunidad de Madrid. Todos los conciertos se grabar\u00e1n \u00edntegramente y quedar\u00e1n recogidos en una videoteca en www.comunidad.madrid\/cultura\/patrimonio-cultural, donde podr\u00e1 disfrutarlos un p\u00fablico m\u00e1s amplio. Toda la informaci\u00f3n est\u00e1 disponible en la p\u00e1gina web de \u00a1Bienvenidos a Palacio!<\/p>\n<p>La Fundaci\u00f3n de los Ferrocarriles Espa\u00f1oles ha colaborado en la iniciativa desde su primera edici\u00f3n, ofreciendo la posibilidad de visitar su sede, el Palacio de Fern\u00e1n N\u00fa\u00f1ez, o participar en otras actividades culturales gratuitas, como conciertos o conferencias.<\/p>\n<p><strong>Sobre la Fundaci\u00f3n de los Ferrocarriles Espa\u00f1oles<\/strong><br \/>\nFue constituida en 1985 y en su Patronato est\u00e1n las principales empresas del sector p\u00fablico ferroviario espa\u00f1ol. Tiene encomendada la recuperaci\u00f3n, custodia, generaci\u00f3n y difusi\u00f3n del patrimonio hist\u00f3rico, cultural, cient\u00edfico y tecnol\u00f3gico ferroviario. El Palacio de Fern\u00e1n N\u00fa\u00f1ez es su sede y gestiona los museos del ferrocarril de Madrid y de Catalu\u00f1a, el programa V\u00edas Verdes, la revista V\u00eda Libre, la Biblioteca Ferroviaria, el Archivo Hist\u00f3rico Ferroviario y el Centro de Formaci\u00f3n del Transporte Terrestre, entre otros. En el \u00e1mbito cultural, la Fundaci\u00f3n organiza m\u00faltiples actividades, entre ellas los Premios del Tren \u201cAntonio Machado\u201d de cuento y poes\u00eda y el concurso de fotograf\u00eda \u201cCaminos de Hierro\u201d.<\/p>\n","protected":false},"excerpt":{"rendered":"<p>Se podr\u00e1 visitar el Palacio de Fern\u00e1n N\u00fa\u00f1ez, sede de la Fundaci\u00f3n, durante los d\u00edas 5, 19 y 26 de<\/p>\n","protected":false},"author":4,"featured_media":15723,"comment_status":"closed","ping_status":"open","sticky":false,"template":"","format":"standard","meta":{"footnotes":""},"categories":[818],"tags":[93,379],"class_list":["post-34104","post","type-post","status-publish","format-standard","has-post-thumbnail","hentry","category-notes-de-premsa","tag-ffe-fundacion-ferrocarriles-espanoles","tag-palacio-fernan-nunez","comments-off"],"_links":{"self":[{"href":"https:\/\/www.agrupament.cat\/portal\/wp-json\/wp\/v2\/posts\/34104","targetHints":{"allow":["GET"]}}],"collection":[{"href":"https:\/\/www.agrupament.cat\/portal\/wp-json\/wp\/v2\/posts"}],"about":[{"href":"https:\/\/www.agrupament.cat\/portal\/wp-json\/wp\/v2\/types\/post"}],"author":[{"embeddable":true,"href":"https:\/\/www.agrupament.cat\/portal\/wp-json\/wp\/v2\/users\/4"}],"replies":[{"embeddable":true,"href":"https:\/\/www.agrupament.cat\/portal\/wp-json\/wp\/v2\/comments?post=34104"}],"version-history":[{"count":1,"href":"https:\/\/www.agrupament.cat\/portal\/wp-json\/wp\/v2\/posts\/34104\/revisions"}],"predecessor-version":[{"id":34105,"href":"https:\/\/www.agrupament.cat\/portal\/wp-json\/wp\/v2\/posts\/34104\/revisions\/34105"}],"wp:featuredmedia":[{"embeddable":true,"href":"https:\/\/www.agrupament.cat\/portal\/wp-json\/wp\/v2\/media\/15723"}],"wp:attachment":[{"href":"https:\/\/www.agrupament.cat\/portal\/wp-json\/wp\/v2\/media?parent=34104"}],"wp:term":[{"taxonomy":"category","embeddable":true,"href":"https:\/\/www.agrupament.cat\/portal\/wp-json\/wp\/v2\/categories?post=34104"},{"taxonomy":"post_tag","embeddable":true,"href":"https:\/\/www.agrupament.cat\/portal\/wp-json\/wp\/v2\/tags?post=34104"}],"curies":[{"name":"wp","href":"https:\/\/api.w.org\/{rel}","templated":true}]}}