{"id":33901,"date":"2021-08-03T01:06:19","date_gmt":"2021-08-02T23:06:19","guid":{"rendered":"https:\/\/www.agrupament.cat\/portal\/?p=33901"},"modified":"2021-08-03T01:06:19","modified_gmt":"2021-08-02T23:06:19","slug":"ferrocarrils-du-a-terme-treballs-de-millora-al-funicular-de-vallvidrera-per-optimitzar-la-qualitat-fiabilitat-i-puntualitat-del-servei","status":"publish","type":"post","link":"https:\/\/www.agrupament.cat\/portal\/2021\/08\/ferrocarrils-du-a-terme-treballs-de-millora-al-funicular-de-vallvidrera-per-optimitzar-la-qualitat-fiabilitat-i-puntualitat-del-servei\/","title":{"rendered":"Ferrocarrils du a terme treballs de millora al Funicular de Vallvidrera per optimitzar la qualitat, fiabilitat i puntualitat del servei"},"content":{"rendered":"<p>02\/08\/2021<br \/>\n<strong>\u00b7 Mentre durin els treballs, del 9 al 27 d\u2019agost, les persones usu\u00e0ries podran utilitzar un servei alternatiu per carretera amb el mateix horari que el servei habitual del funicular<\/strong><br \/>\n<strong>\u00b7 Aquests treballs permeten optimitzar la qualitat, la fiabilitat i la puntualitat del Funicular, aix\u00ed com el confort de les persones que l\u2019utilitzen di\u00e0riament<\/strong><\/p>\n<p>Ferrocarrils de la Generalitat de Catalunya (FGC) iniciar\u00e0 el proper dilluns, dia 9 d\u2019agost, les tasques de revisi\u00f3 anual del Funicular de Vallvidrera. Aquests treballs duraran prop de tres setmanes, concretament fins al divendres 27 d\u2019agost. Durant aquest per\u00edode, FGC garantir\u00e0 la mobilitat dels usuaris habilitant un servei alternatiu per carretera, amb autobusos i taxis, amb el mateix horari que el servei habitual del Funicular i donant servei a les tres estacions del tra\u00e7at del Funicular: Peu del Funicular, Carretera de les Aig\u00fces i Vallvidrera Superior. Els punts de parada d\u2019aquest servei substitutori es troben al costat de les estacions. En el cas de l\u2019estaci\u00f3 de Carretera de les Aig\u00fces, les persones usu\u00e0ries hauran de sol\u00b7licitar aquest servei a trav\u00e9s de l\u2019int\u00e8rfon de l\u2019estaci\u00f3.<\/p>\n<p>Durant aquestes setmanes, FGC dur\u00e0 a terme com cada any els treballs de revisi\u00f3 programada anual i de manteniment que s\u2019han de realitzar a les instal\u00b7lacions de transport per cable com \u00e9s el cas d\u2019un funicular. Entre aquests treballs destaca la renovaci\u00f3 de la central hidr\u00e0ulica de frens, que controla el sistema de frenada de l\u2019accionament del funicular. L\u2019actual central ha arribat al final de cicle de la seva vida \u00fatil des de la seva posada en servei. Aquesta actuaci\u00f3 es completar\u00e0 amb treballs de rehabilitaci\u00f3 de les rodes del material m\u00f2bil, amb la revisi\u00f3 general de l\u2019estat del tra\u00e7at i amb la renovaci\u00f3 de les politges que mostrin un desgast acusat.<\/p>\n<p>Tot plegat per optimitzar la qualitat, la fiabilitat i la puntualitat del Funicular, aix\u00ed com el confort de les persones que l\u2019utilitzen di\u00e0riament.<\/p>\n<p><strong>Un funicular amb m\u00e9s de cent anys d\u2019hist\u00f2ria<\/strong><br \/>\nEl funicular de Vallvidrera, constru\u00eft per la companyia del Ferrocarril Sarri\u00e0 Barcelona (FSB), es va inaugurar l&#8217;octubre de 1906 per tal de poder comunicar la l\u00ednia del Vall\u00e8s (estaci\u00f3 Peu del Funicular) amb el poble de Vallvidrera. El 1979 es va integrar a la xarxa dels Ferrocarrils de la Generalitat de Catalunya. Despr\u00e9s de diverses reformes dels cotxes antics, al 1998 FGC va procedir a realitzar una reforma integral de la l\u00ednia: es va canviar tota la plataforma de la via, les estacions i els vehicles permetent que el funicular funcion\u00e9s de manera totalment autom\u00e0tica, amb la via protegida amb portes d&#8217;andana a les estacions.<\/p>\n<p>La l\u00ednia t\u00e9 una longitud de 736,6 metres amb un desnivell de 158 m i un pendent m\u00e0xim del 29%. El servei s\u2019ofereix amb dos vehicles amb capacitat per 50 persones en cadascun d\u2019ells. El temps de recorregut \u00e9s de menys de 3 minuts. Serveix de transport p\u00fablic habitual per als residents a Vallvidrera i els caps de setmana \u00e9s habitual per a les persones que pugen a Collserola per realitzar caminades o passejades amb bici per la carretera de les Aig\u00fces.<\/p>\n","protected":false},"excerpt":{"rendered":"<p>02\/08\/2021 \u00b7 Mentre durin els treballs, del 9 al 27 d\u2019agost, les persones usu\u00e0ries podran utilitzar un servei alternatiu per<\/p>\n","protected":false},"author":4,"featured_media":33902,"comment_status":"closed","ping_status":"open","sticky":false,"template":"","format":"standard","meta":{"footnotes":""},"categories":[818],"tags":[933,469,73,19,830],"class_list":["post-33901","post","type-post","status-publish","format-standard","has-post-thumbnail","hentry","category-notes-de-premsa","tag-fgc-ferrocarrils-de-la-generalitat-de-catalunya-2","tag-funicular-de-vallvidrera","tag-generalitat-de-catalunya-territori-i-sostenibilitat","tag-infraestructures","tag-suspensio-del-servei","comments-off"],"_links":{"self":[{"href":"https:\/\/www.agrupament.cat\/portal\/wp-json\/wp\/v2\/posts\/33901","targetHints":{"allow":["GET"]}}],"collection":[{"href":"https:\/\/www.agrupament.cat\/portal\/wp-json\/wp\/v2\/posts"}],"about":[{"href":"https:\/\/www.agrupament.cat\/portal\/wp-json\/wp\/v2\/types\/post"}],"author":[{"embeddable":true,"href":"https:\/\/www.agrupament.cat\/portal\/wp-json\/wp\/v2\/users\/4"}],"replies":[{"embeddable":true,"href":"https:\/\/www.agrupament.cat\/portal\/wp-json\/wp\/v2\/comments?post=33901"}],"version-history":[{"count":1,"href":"https:\/\/www.agrupament.cat\/portal\/wp-json\/wp\/v2\/posts\/33901\/revisions"}],"predecessor-version":[{"id":33903,"href":"https:\/\/www.agrupament.cat\/portal\/wp-json\/wp\/v2\/posts\/33901\/revisions\/33903"}],"wp:featuredmedia":[{"embeddable":true,"href":"https:\/\/www.agrupament.cat\/portal\/wp-json\/wp\/v2\/media\/33902"}],"wp:attachment":[{"href":"https:\/\/www.agrupament.cat\/portal\/wp-json\/wp\/v2\/media?parent=33901"}],"wp:term":[{"taxonomy":"category","embeddable":true,"href":"https:\/\/www.agrupament.cat\/portal\/wp-json\/wp\/v2\/categories?post=33901"},{"taxonomy":"post_tag","embeddable":true,"href":"https:\/\/www.agrupament.cat\/portal\/wp-json\/wp\/v2\/tags?post=33901"}],"curies":[{"name":"wp","href":"https:\/\/api.w.org\/{rel}","templated":true}]}}