{"id":33769,"date":"2021-07-21T17:55:46","date_gmt":"2021-07-21T15:55:46","guid":{"rendered":"https:\/\/www.agrupament.cat\/portal\/?p=33769"},"modified":"2021-07-21T17:55:46","modified_gmt":"2021-07-21T15:55:46","slug":"adif-adjudica-las-obras-de-mejora-de-la-proteccion-en-cuatro-pasos-a-nivel-de-la-linea-de-ancho-metrico-leon-guardo","status":"publish","type":"post","link":"https:\/\/www.agrupament.cat\/portal\/2021\/07\/adif-adjudica-las-obras-de-mejora-de-la-proteccion-en-cuatro-pasos-a-nivel-de-la-linea-de-ancho-metrico-leon-guardo\/","title":{"rendered":"Adif adjudica las obras de mejora de la protecci\u00f3n en cuatro pasos a nivel de la l\u00ednea de ancho m\u00e9trico Le\u00f3n-Guardo"},"content":{"rendered":"<p>Por un importe de 627.195,93 euros (IVA incluido)<br \/>\n<strong>\u2022 Se realizar\u00e1n los trabajos necesarios para dotar a los pasos, ubicados en Matallana, Guardo y La Espina de se\u00f1alizaci\u00f3n luminosa y ac\u00fastica y semibarreras autom\u00e1ticas<\/strong><br \/>\n<strong>\u2022 Esta actuaci\u00f3n se enmarca en el proyecto de supresi\u00f3n de bloqueo telef\u00f3nico de la l\u00ednea La Asunci\u00f3n-Guardo, adjudicado por cerca de 20 M\u20ac (IVA incluido), que tiene por objeto la modernizaci\u00f3n y automatizaci\u00f3n de todas las comunicaciones e instalaciones de seguridad del tramo<\/strong><\/p>\n<p>21\/07\/2021. Adif ha adjudicado el contrato de obras de ejecuci\u00f3n del proyecto de modificaci\u00f3n y mejora de las instalaciones de protecci\u00f3n de cuatro pasos a nivel ubicados en la l\u00ednea de ancho m\u00e9trico 790 Le\u00f3n-Guardo: un paso a nivel ubicado en el p.k. 28\/005 (Matallana), dos pasos a nivel ubicados en Guardo (pp.kk. 98\/108 y 98\/608), y un paso a nivel situado en el p.k. 86\/663, en La Espina.<\/p>\n<p>El contrato se ha adjudicado, por un importe global de 627.195,93 euros (IVA incluido) y un plazo estimado de ejecuci\u00f3n de 8 meses, a la empresa Ingenier\u00eda y Control ferroviario.<\/p>\n<p>El objeto de este contrato es llevar a cabo las obras necesarias para mejorar la protecci\u00f3n de los cuatro pasos a nivel, que contar\u00e1n con se\u00f1alizaci\u00f3n luminosa y ac\u00fastica y ser\u00e1n dotados, adem\u00e1s, de semibarreras autom\u00e1ticas. De esta forma, los cuatro pasos a nivel quedar\u00e1n incorporados a los enclavamientos electr\u00f3nicos de las estaciones de Matallana, Guardo y La Espina, respectivamente, mejorando con ello la seguridad y la fiabilidad de las instalaciones.<\/p>\n<p>Estos trabajos forman parte de las actuaciones previstas por Adif para la mejora de la protecci\u00f3n de pasos a nivel en la Red Ferroviaria de Inter\u00e9s General con el fin de incrementar las condiciones de seguridad de las infraestructuras de transporte, tanto para el tr\u00e1fico viario como el ferroviario. En este sentido, en los \u00faltimos tres a\u00f1os, Adif ha invertido un total de 19,7 millones de euros (IVA incluido) en actuaciones de supresi\u00f3n y de mejora de la protecci\u00f3n de pasos a nivel en toda la RFIG.<\/p>\n<p>Por otro lado, esta actuaci\u00f3n de Adif se enmarca en el proyecto de supresi\u00f3n de bloqueo telef\u00f3nico de la l\u00ednea La Asunci\u00f3n-Guardo, adjudicado por cerca de 20 millones de euros (IVA incluido) y que tiene por objeto la modernizaci\u00f3n y automatizaci\u00f3n de todas las comunicaciones e instalaciones de seguridad del tramo, que ser\u00e1n reguladas por telemando desde el Puesto de Control de Tr\u00e1fico Centralizado (CTC).<\/p>\n<p>Estas acciones contribuyen a la consecuci\u00f3n de diferentes Objetivos de Desarrollo Sostenible: ODS 3 (Salud y Bienestar), ODS 9 (Industria, Innovaci\u00f3n e Infraestructura) y ODS 11 (Ciudades y Comunidades Sostenibles).<\/p>\n","protected":false},"excerpt":{"rendered":"<p>Por un importe de 627.195,93 euros (IVA incluido) \u2022 Se realizar\u00e1n los trabajos necesarios para dotar a los pasos, ubicados<\/p>\n","protected":false},"author":4,"featured_media":32761,"comment_status":"closed","ping_status":"open","sticky":false,"template":"","format":"standard","meta":{"footnotes":""},"categories":[818],"tags":[71,70,961,117,906,926],"class_list":["post-33769","post","type-post","status-publish","format-standard","has-post-thumbnail","hentry","category-notes-de-premsa","tag-adif","tag-anchometrico","tag-infraestructuras","tag-leon","tag-paso-a-nivel","tag-rfig-red-ferroviaria-de-interes-general","comments-off"],"_links":{"self":[{"href":"https:\/\/www.agrupament.cat\/portal\/wp-json\/wp\/v2\/posts\/33769","targetHints":{"allow":["GET"]}}],"collection":[{"href":"https:\/\/www.agrupament.cat\/portal\/wp-json\/wp\/v2\/posts"}],"about":[{"href":"https:\/\/www.agrupament.cat\/portal\/wp-json\/wp\/v2\/types\/post"}],"author":[{"embeddable":true,"href":"https:\/\/www.agrupament.cat\/portal\/wp-json\/wp\/v2\/users\/4"}],"replies":[{"embeddable":true,"href":"https:\/\/www.agrupament.cat\/portal\/wp-json\/wp\/v2\/comments?post=33769"}],"version-history":[{"count":1,"href":"https:\/\/www.agrupament.cat\/portal\/wp-json\/wp\/v2\/posts\/33769\/revisions"}],"predecessor-version":[{"id":33770,"href":"https:\/\/www.agrupament.cat\/portal\/wp-json\/wp\/v2\/posts\/33769\/revisions\/33770"}],"wp:featuredmedia":[{"embeddable":true,"href":"https:\/\/www.agrupament.cat\/portal\/wp-json\/wp\/v2\/media\/32761"}],"wp:attachment":[{"href":"https:\/\/www.agrupament.cat\/portal\/wp-json\/wp\/v2\/media?parent=33769"}],"wp:term":[{"taxonomy":"category","embeddable":true,"href":"https:\/\/www.agrupament.cat\/portal\/wp-json\/wp\/v2\/categories?post=33769"},{"taxonomy":"post_tag","embeddable":true,"href":"https:\/\/www.agrupament.cat\/portal\/wp-json\/wp\/v2\/tags?post=33769"}],"curies":[{"name":"wp","href":"https:\/\/api.w.org\/{rel}","templated":true}]}}