{"id":33517,"date":"2021-06-29T00:32:26","date_gmt":"2021-06-28T23:32:26","guid":{"rendered":"https:\/\/www.agrupament.cat\/portal\/?p=33517"},"modified":"2022-08-19T13:38:39","modified_gmt":"2022-08-19T12:38:39","slug":"seu-de-lafb-apertura-parcial-de-les-seves-installacions","status":"publish","type":"post","link":"https:\/\/www.agrupament.cat\/portal\/2021\/06\/seu-de-lafb-apertura-parcial-de-les-seves-installacions\/","title":{"rendered":"SEU DE L\u2019AFB. Obertura parcial de les seves instal\u00b7lacions"},"content":{"rendered":"<p>Benvolguts socis i s\u00f2cies, companys i visitants,<\/p>\n<p><strong>Despr\u00e9s de tenir tancades gaireb\u00e9 un any les nostres instal\u00b7lacions amb motiu de la pand\u00e8mia produ\u00efda pel COVID-19, i a la vista de la millora de la situaci\u00f3 produ\u00efda darrerament, la junta directiva ha pres la decisi\u00f3 d&#8217;obrir parcialment la <span style=\"text-decoration: underline;\">seva seu social tots els divendres de 18 a 20:30 hores<\/span><\/strong><span style=\"text-decoration: underline;\"><strong>.<\/strong><\/span><\/p>\n<p>En tot moment se seguiran las directrius dictades per la <strong><span style=\"color: #913a3a;\"><a style=\"color: #913a3a;\" href=\"https:\/\/web.gencat.cat\/ca\/activem\/index.html\">Generalitat de Catalunya<\/a> <\/span><\/strong>i<strong><span style=\"color: #0000ff;\"> <a style=\"color: #0000ff;\" href=\"https:\/\/www.barcelona.cat\/covid19\/ca\/mesures-contra-la-covid-19-barcelona\">l\u2019Ajuntament de Barcelona<\/a>.<\/span><\/strong><\/p>\n<p><strong>\u00b7 En el moment de la seva entrada i sortida de l\u2019entitat, els socis hauran de signar el full de registre presencial, en el que faran constar el seu nom i cognoms, el n\u00famero de soci\/a.<\/strong><\/p>\n<p>Us agra\u00efm expressament a tots vosaltres el vostre recolzament durant aquest fat\u00eddic per\u00edode de tancament de les instal\u00b7lacions.<\/p>\n<p>Desitjant saludar-vos personalment, rebeu una cordial salutaci\u00f3.<\/p>\n<p>C\u00e8sar Alcal\u00e1<br \/>\nPresident<\/p>\n","protected":false},"excerpt":{"rendered":"<p>Despr\u00e9s de tenir tancades gaireb\u00e9 un any les nostres instal\u00b7lacions amb motiu de la pand\u00e8mia produ\u00efda pel COVID-19, i a la vista de la millora de la situaci\u00f3 produ\u00efda darrerament, la junta directiva ha pres la decisi\u00f3 d&#8217;obrir parcialment la seva seu social tots els divendres de 18 a 20:30 hores.<\/p>\n","protected":false},"author":4,"featured_media":2452,"comment_status":"closed","ping_status":"open","sticky":false,"template":"","format":"standard","meta":{"footnotes":""},"categories":[994],"tags":[989,1195,35,583,2],"class_list":["post-33517","post","type-post","status-publish","format-standard","has-post-thumbnail","hentry","category-comunicats","tag-afb","tag-associacions","tag-barcelona","tag-restabliment-del-servei","tag-sant-andreu-districte","comments-off"],"_links":{"self":[{"href":"https:\/\/www.agrupament.cat\/portal\/wp-json\/wp\/v2\/posts\/33517","targetHints":{"allow":["GET"]}}],"collection":[{"href":"https:\/\/www.agrupament.cat\/portal\/wp-json\/wp\/v2\/posts"}],"about":[{"href":"https:\/\/www.agrupament.cat\/portal\/wp-json\/wp\/v2\/types\/post"}],"author":[{"embeddable":true,"href":"https:\/\/www.agrupament.cat\/portal\/wp-json\/wp\/v2\/users\/4"}],"replies":[{"embeddable":true,"href":"https:\/\/www.agrupament.cat\/portal\/wp-json\/wp\/v2\/comments?post=33517"}],"version-history":[{"count":10,"href":"https:\/\/www.agrupament.cat\/portal\/wp-json\/wp\/v2\/posts\/33517\/revisions"}],"predecessor-version":[{"id":35031,"href":"https:\/\/www.agrupament.cat\/portal\/wp-json\/wp\/v2\/posts\/33517\/revisions\/35031"}],"wp:featuredmedia":[{"embeddable":true,"href":"https:\/\/www.agrupament.cat\/portal\/wp-json\/wp\/v2\/media\/2452"}],"wp:attachment":[{"href":"https:\/\/www.agrupament.cat\/portal\/wp-json\/wp\/v2\/media?parent=33517"}],"wp:term":[{"taxonomy":"category","embeddable":true,"href":"https:\/\/www.agrupament.cat\/portal\/wp-json\/wp\/v2\/categories?post=33517"},{"taxonomy":"post_tag","embeddable":true,"href":"https:\/\/www.agrupament.cat\/portal\/wp-json\/wp\/v2\/tags?post=33517"}],"curies":[{"name":"wp","href":"https:\/\/api.w.org\/{rel}","templated":true}]}}