{"id":33423,"date":"2021-06-22T12:51:34","date_gmt":"2021-06-22T10:51:34","guid":{"rendered":"https:\/\/www.agrupament.cat\/portal\/?p=33423"},"modified":"2021-09-07T21:28:36","modified_gmt":"2021-09-07T19:28:36","slug":"afectacions-al-servei-per-les-obres-de-millora-i-modernitzacio-de-lestacio-de-metro-de-trinitat-nova-l4-i-l11","status":"publish","type":"post","link":"https:\/\/www.agrupament.cat\/portal\/2021\/06\/afectacions-al-servei-per-les-obres-de-millora-i-modernitzacio-de-lestacio-de-metro-de-trinitat-nova-l4-i-l11\/","title":{"rendered":"Afectacions al servei per les obres de millora i modernitzaci\u00f3 de l&#8217;estaci\u00f3 de metro de Trinitat Nova (L4 i L11)"},"content":{"rendered":"<p>22\/06\/2021<br \/>\n<strong>\u00b7 A partir de l\u20191 de juliol i fins al setembre, s\u2019interrompr\u00e0 el servei de l\u2019L4 entre Via J\u00falia i Trinitat Nova i de tota l\u2019L11 entre Trinitat Nova i Can Cui\u00e0s<\/strong><br \/>\n<strong>\u00b7 Mentre duri l\u2019alteraci\u00f3, s\u2019habilitar\u00e0 un servei especial d\u2019autobusos per a cobrir el recorregut afectat<\/strong><br \/>\n<strong>\u00b7 Els treballs suposaran la transformaci\u00f3 de l\u2019intercanviador per a permetre l\u2019increment de freq\u00fc\u00e8ncies a l\u2019L4 i la conducci\u00f3 autom\u00e0tica en tot el tra\u00e7at de l\u2019L11, amb una inversi\u00f3 de 10 MEUR<\/strong><\/p>\n<p>A partir de l\u20191 de juliol i fins al setembre, l\u2019estaci\u00f3 de metro de Trinitat Nova de l\u2019L4 i l\u201911 quedar\u00e0 fora de servei per l\u2019execuci\u00f3 de les obres de modernitzaci\u00f3 i millora que el Departament de la Vicepresid\u00e8ncia i Pol\u00edtiques Digitals i Territori t\u00e9 en marxa, amb una inversi\u00f3 de 10 MEUR. En conseq\u00fc\u00e8ncia, quedar\u00e0 interromput el servei l\u2019L4 entre Via J\u00falia i Trinitat Nova fins al 31 d\u2019agost i de tota l\u2019L11 entre Trinitat Nova i Can Cui\u00e0s fins al 12 de setembre. Mentre duri aquesta afectaci\u00f3, s\u2019habilitar\u00e0 un servei d\u2019autob\u00fas especial.<\/p>\n<p>Des del febrer passat, estan en execuci\u00f3 els treballs per a millorar l\u2019estaci\u00f3 de metro de Trinitat Nova (Barcelona), i la seva cua de maniobres. Aquests treballs permetran separar l\u2019operaci\u00f3 de l\u2019L4 i l\u2019L11, l\u00ednia que tamb\u00e9 dona servei al municipi de Montcada i Reixac, i optimitzar els moviments dels trens. L\u2019objectiu \u00e9s incrementar les freq\u00fc\u00e8ncies de l\u2019L4 en hora punta, d\u2019una banda, i permetre la conducci\u00f3 autom\u00e0tica de l\u2019L11 en tot el tra\u00e7at, de l\u2019altra.<\/p>\n<p><strong>Alteraci\u00f3 del servei<\/strong><br \/>\nL\u2019execuci\u00f3 del gruix d\u2019aquesta obra requereix afectar el servei de metro en aquestes l\u00ednies fins al setembre vinent. Aquesta alteraci\u00f3 s\u2019ha concentrat en el m\u00ednim de temps i s\u2019ha planificat coincidint amb l\u2019\u00e8poca de l\u2019any amb menys mobilitat urbana, per a reduir les possibles mol\u00e8sties a les persones usu\u00e0ries.<\/p>\n<p><strong>Concretament, les afectacions del servei seran:<\/strong><br \/>\nDes de dijous 1 de juliol fins al dimarts 31 d\u2019agost (tots dos inclosos), estar\u00e0 fora de servei l\u2019estaci\u00f3 terminal de la l\u00ednia 4 de metro a Trinitat Nova. Per tant, en aquest per\u00edode l\u2019estaci\u00f3 de Via J\u00falia ser\u00e0 final de l\u00ednia provisional. El servei de metro a Trinitat Nova de l\u2019L3 i a la resta de la l\u00ednia 4, entre Via J\u00falia i La Pau, funcionar\u00e0 amb normalitat.<\/p>\n<p>Paral\u00b7lelament, des del dijous 1 de juliol fins al diumenge 12 de setembre (tots dos inclosos), estar\u00e0 fora de servei tota la l\u00ednia 11 de metro (Trinitat Nova &#8211; Can Cui\u00e0s); per tant estaran tancades les estacions de Trinitat Nova, Casa de l\u2019Aigua, Torre Bar\u00f3 \/ Vallbona, Ciutat Meridiana i Can Cui\u00e0s.<\/p>\n<p>Per reduir les possibles mol\u00e8sties a les persones usu\u00e0ries durant l\u2019afectaci\u00f3, s\u2019habilitaran autobusos llan\u00e7adora que funcionaran amb el mateix horari de metro i una capacitat equivalent. De l\u20191 de juliol al 31 d\u2019agost, el bus especial connectar\u00e0 les estacions de Via J\u00falia i Can Cui\u00e0s, en substituci\u00f3 dels trams tancats de l\u2019L4 i ll\u2019L11. De l\u20191 al 12 de setembre, per\u00edode en qu\u00e8 nom\u00e9s estar\u00e0 vigent el tall de la L11, el bus especial modificar\u00e0 el recorregut i connectar\u00e0 Trinitat Nova i Can Cui\u00e0s, amb parada a les estacions afectades pel tall.<\/p>\n<p>Com a altres alternatives de transport a la zona de Nou Barris, tamb\u00e9 es podr\u00e0 utilitzar la l\u00ednia 3 de metro (connexi\u00f3 a Trinitat Nova), les l\u00ednies regulars de bus de TMB D50, H2, 62, 76 i 180 que fan el trajecte totalment o parcialment entre les estacions afectades pel tall i la xarxa ferrovi\u00e0ria de Rodalies amb connexi\u00f3 a Torre Bar\u00f3.<\/p>\n<p>Abans i durant els primers dies de les afectacions a les l\u00ednies 4 i 11 de metro, hi haur\u00e0 pres\u00e8ncia d\u2019informadors a les estacions afectades, per orientar els ciutadans sobre els millors recorreguts alternatius. A m\u00e9s, la ciutadania tamb\u00e9 rebr\u00e0 informaci\u00f3 a les estacions de metro i als canals de comunicaci\u00f3 habituals.<\/p>\n<p><strong>Execuci\u00f3 del gruix de l\u2019obra<\/strong><br \/>\nDurant el per\u00edode d\u2019afectaci\u00f3 al servei, s\u2019executar\u00e0 el gruix de l\u2019obra, amb actuacions com el canvi de configuraci\u00f3 i renovaci\u00f3 de vies a la zona de la cua de maniobres, el perllongament de l\u2019andana i la instal\u00b7laci\u00f3 de portes d\u2019andana per a l\u2019L11, l\u2019execuci\u00f3 d\u2019una nova sortida d\u2019emerg\u00e8ncia, l\u2019adaptaci\u00f3 de la connexi\u00f3 entre vest\u00edbul i andana a la nova configuraci\u00f3 i les tasques d\u2019instal\u00b7lacions i sistemes de senyalitzaci\u00f3 i seguretat corresponents. Es preveu finalitzar tota l\u2019actuaci\u00f3 durant la tardor vinent.<\/p>\n","protected":false},"excerpt":{"rendered":"<p>22\/06\/2021 \u00b7 A partir de l\u20191 de juliol i fins al setembre, s\u2019interrompr\u00e0 el servei de l\u2019L4 entre Via J\u00falia<\/p>\n","protected":false},"author":4,"featured_media":33425,"comment_status":"closed","ping_status":"open","sticky":false,"template":"","format":"standard","meta":{"footnotes":""},"categories":[818],"tags":[17,43,73,961,157,158,56],"class_list":["post-33423","post","type-post","status-publish","format-standard","has-post-thumbnail","hentry","category-notes-de-premsa","tag-afectacions-e-incidencies","tag-estacions","tag-generalitat-de-catalunya-territori-i-sostenibilitat","tag-infraestructuras","tag-l04-trinitat-nova-la-pau","tag-l11-trinitat-nova-can-cuias","tag-metro-barcelona-tmb","comments-off"],"_links":{"self":[{"href":"https:\/\/www.agrupament.cat\/portal\/wp-json\/wp\/v2\/posts\/33423","targetHints":{"allow":["GET"]}}],"collection":[{"href":"https:\/\/www.agrupament.cat\/portal\/wp-json\/wp\/v2\/posts"}],"about":[{"href":"https:\/\/www.agrupament.cat\/portal\/wp-json\/wp\/v2\/types\/post"}],"author":[{"embeddable":true,"href":"https:\/\/www.agrupament.cat\/portal\/wp-json\/wp\/v2\/users\/4"}],"replies":[{"embeddable":true,"href":"https:\/\/www.agrupament.cat\/portal\/wp-json\/wp\/v2\/comments?post=33423"}],"version-history":[{"count":1,"href":"https:\/\/www.agrupament.cat\/portal\/wp-json\/wp\/v2\/posts\/33423\/revisions"}],"predecessor-version":[{"id":33426,"href":"https:\/\/www.agrupament.cat\/portal\/wp-json\/wp\/v2\/posts\/33423\/revisions\/33426"}],"wp:featuredmedia":[{"embeddable":true,"href":"https:\/\/www.agrupament.cat\/portal\/wp-json\/wp\/v2\/media\/33425"}],"wp:attachment":[{"href":"https:\/\/www.agrupament.cat\/portal\/wp-json\/wp\/v2\/media?parent=33423"}],"wp:term":[{"taxonomy":"category","embeddable":true,"href":"https:\/\/www.agrupament.cat\/portal\/wp-json\/wp\/v2\/categories?post=33423"},{"taxonomy":"post_tag","embeddable":true,"href":"https:\/\/www.agrupament.cat\/portal\/wp-json\/wp\/v2\/tags?post=33423"}],"curies":[{"name":"wp","href":"https:\/\/api.w.org\/{rel}","templated":true}]}}