{"id":33350,"date":"2021-06-12T18:57:34","date_gmt":"2021-06-12T16:57:34","guid":{"rendered":"https:\/\/www.agrupament.cat\/portal\/?p=33350"},"modified":"2022-04-24T19:29:21","modified_gmt":"2022-04-24T18:29:21","slug":"abalos-pone-en-valor-el-incremento-de-cerca-de-un-30-del-presupuesto-2021-de-mitma-para-la-provincia-de-leon","status":"publish","type":"post","link":"https:\/\/www.agrupament.cat\/portal\/2021\/06\/abalos-pone-en-valor-el-incremento-de-cerca-de-un-30-del-presupuesto-2021-de-mitma-para-la-provincia-de-leon\/","title":{"rendered":"\u00c1balos pone en valor el incremento de cerca de un 30% del presupuesto 2021 de Mitma para la provincia de Le\u00f3n"},"content":{"rendered":"<p>En la visita a las obras de la muralla romana de Le\u00f3n<br \/>\n<strong>\u00b7 El ministro ha detallado las actuaciones del Ministerio en la provincia de Le\u00f3n, entre las que ha destacado la eliminaci\u00f3n del fondo de saco de la estaci\u00f3n, que podr\u00e1 inaugurarse despu\u00e9s del verano, los avances en la integraci\u00f3n de los tranv\u00edas de FEVE en la ciudad y el desarrollo de la plataforma intermodal de Torneros.<\/strong><br \/>\n<strong>\u00b7 Mitma participa en la financiaci\u00f3n de las obras de la muralla romana, que ha visitado hoy \u00c1balos, con cargo a fondos del Programa del 1,5% Cultural, aportando 1,2 millones de euros, y tiene previsto licitar este a\u00f1o una nueva actuaci\u00f3n en la Era del Moro, aportando otros 1,12 millones de euros. <\/strong><br \/>\n<strong>\u00b7 \u00c1balos ha anunciado que el Ministerio est\u00e1 trabajando, a trav\u00e9s de la Fundaci\u00f3n de Ferrocarriles y junto con la Diputaci\u00f3n de Le\u00f3n, en un nuevo proyecto tur\u00edstico y cultural denominado \u201cTrenes tur\u00edsticos e hist\u00f3ricos de Le\u00f3n\u201d.<\/strong><br \/>\n<strong>\u00b7 Ha destacado las actuaciones en el Corredor Atl\u00e1ntico, con la adjudicaci\u00f3n de la redacci\u00f3n de proyectos para la mejora del tramo de La Granja-Covas, en la l\u00ednea Le\u00f3n-A Coru\u00f1a y los 4 apartaderos de 750 metros en la provincia, que permitir\u00e1n que este Corredor Atl\u00e1ntico sea un gran eje log\u00edstico intermodal.<\/strong><\/p>\n<p>Madrid, 11 de junio de 2021 (Mitma)<br \/>\nEl ministro de Transportes, Movilidad y Agenda Urbana, Jos\u00e9 Luis \u00c1balos, ha puesto en valor el incremento de cerca de un 30% del presupuesto del Ministerio de Transportes, Movilidad y Agenda Urbana (Mitma) en 2021 para la provincia de Le\u00f3n, al mismo tiempo que ha recordado que durante 2020, a pesar de la pandemia, el Ministerio licit\u00f3 un 70 % m\u00e1s que en 2019.<\/p>\n<p>\u00c1balos ha hecho estas declaraciones en su visita hoy, junto al Delegado del Gobierno en Castilla y Le\u00f3n, Javier Izquierdo; el secretario general de Agenda Urbana y Vivienda, David Lucas; y el alcalde de Le\u00f3n, Jos\u00e9 Antonio D\u00edez, a las obras que, dentro del \u201cPlan muralla romana de Le\u00f3n 2018-2019\u201d, se ejecutan en la era del Moro y en el lienzo norte de la muralla romana colindante con ella, en cuya financiaci\u00f3n participan Mitma y el Ayuntamiento de Le\u00f3n.<\/p>\n<p>Previamente a la visita a las murallas, el responsable del Departamento ha mantenido un encuentro con el presidente de la Diputaci\u00f3n de Le\u00f3n, Eduardo Mor\u00e1n.<\/p>\n<p>En este \u00e1mbito, \u00c1balos ha anunciado que el Ministerio est\u00e1 trabajando, a trav\u00e9s de la Fundaci\u00f3n de Ferrocarriles y junto con la Diputaci\u00f3n, en un nuevo proyecto tur\u00edstico y cultural denominado \u201cTrenes tur\u00edsticos e hist\u00f3ricos de Le\u00f3n\u201d. Este proyecto permitir\u00e1 conocer los distintos rincones de la provincia con viajes en tren de un d\u00eda, lo que favorecer\u00e1 la dinamizaci\u00f3n de las econom\u00edas locales y mejorar\u00e1 la competitividad del sector tur\u00edstico en la provincia.<\/p>\n<p><strong>Actuaciones de Mitma en Le\u00f3n<\/strong><br \/>\nRespecto a las actuaciones del Ministerio en Le\u00f3n en cuanto al ferrocarril, intermodalidad, Corredor Atl\u00e1ntico y ayudas al transporte p\u00fablico, el ministro informado sobre algunas de ellas:<\/p>\n<p>* Se est\u00e1n completando los trabajos ferroviarios pendientes, entre ellos la eliminaci\u00f3n del fondo de saco de la estaci\u00f3n de Le\u00f3n, que podr\u00e1 inaugurarse despu\u00e9s del verano.<br \/>\n* Avances en la integraci\u00f3n de los tranv\u00edas de FEVE en la ciudad. El pasado 28 de mayo la AESF sac\u00f3 a informaci\u00f3n p\u00fablica el Real Decreto que ampara la circulaci\u00f3n tranviaria en la RFIG. Adem\u00e1s, Adif tambi\u00e9n ha licitado los trabajos pendientes de urbanizaci\u00f3n en el entorno de Padre Isla. De esta forma, est\u00e1 m\u00e1s cerca la circulaci\u00f3n de los tranv\u00edas y su integraci\u00f3n completa en la ciudad.<br \/>\n* Avances en el desarrollo de la plataforma intermodal de Torneros. Mitma ya ha adjudicado el pasado 11 de marzo la redacci\u00f3n del proyecto de urbanizaci\u00f3n para, en el corto plazo estar redactado y tramitado con la \u00fanica determinaci\u00f3n de desarrollar esta plataforma.<br \/>\n* Desarrollo de la estrategia de descentralizaci\u00f3n de recursos de este Ministerio y, por la provincia de Le\u00f3n, el ministro ha recordado la inauguraci\u00f3n el pasado diciembre del Centro de Regulaci\u00f3n y Control de Adif con 64 trabajadores, al que hay que sumar el anunciado ayer en Ponferrada, con la instalaci\u00f3n de un nuevo Servicio Integral de Circulaci\u00f3n de Adif para 2022, que dar\u00e1 cobertura a 152 kil\u00f3metros de la l\u00ednea Le\u00f3n-A Coru\u00f1a.<br \/>\n* Se concretan actuaciones en el Corredor Atl\u00e1ntico, con la adjudicaci\u00f3n hace unos d\u00edas de la redacci\u00f3n de proyectos para la mejora de v\u00eda e infraestructuras del tramo de La Granja-Covas, en la l\u00ednea Le\u00f3n-A Coru\u00f1a. Adem\u00e1s, se trabaja en los apartaderos de 750 metros que permitir\u00e1n que este Corredor Atl\u00e1ntico sea un gran eje log\u00edstico intermodal. Ayer mismo el ministro habl\u00f3 de uno de ellos en Ponferrada, y habr\u00e1 otros tres en la provincia que dar\u00e1n continuidad a las mercanc\u00edas por ferrocarril desde el Atl\u00e1ntico al resto del pa\u00eds.<\/p>\n<p>Por \u00faltimo, en cuanto a la defensa de la movilidad como un derecho y el apoyo del Gobierno a comunidades y municipios para garantizar el servicio de transporte p\u00fablico, se ha aprobado este mismo martes en Consejo de Ministros la compensaci\u00f3n a los ayuntamientos por la p\u00e9rdida de ingresos tarifarios derivada de la pandemia que, para Le\u00f3n capital ha sido de 1,15 millones de euros.<\/p>\n<p><strong>Inversiones del 1,5% Cultural de Mitma en Le\u00f3n<\/strong><br \/>\nLas obras de la muralla visitadas hoy por el ministro, tienen un presupuesto total de 2.437.883,70 euros, de los que el Mitma ha aportado 1.218.941,85 euros (50%), con cargo a fondos del programa del 1,5% Cultural de la Direcci\u00f3n General de Agenda Urbana y Arquitectura.<\/p>\n<p>\u00c1balos ha se\u00f1alado que esta no ser\u00e1 la \u00faltima aportaci\u00f3n de Mitma, dado que esta rehabilitaci\u00f3n forma parte de un ambicioso proyecto de urbanizaci\u00f3n que pondr\u00e1 a disposici\u00f3n de los vecinos una singular zona peatonal y verde de disfrute y esparcimiento, para la que el Ministerio tiene previsto licitar, a lo largo de este a\u00f1o, una nueva actuaci\u00f3n en la Era del Moro, financiada en su totalidad por su propio presupuesto de gastos, aportando 1,12 millones de euros.<\/p>\n<p>El ministro ha destacado la importancia que el 1,5% Cultural est\u00e1 teniendo en la conservaci\u00f3n y gesti\u00f3n de nuestro Patrimonio Hist\u00f3rico y ha enumerado las distintas actuaciones de su Departamento en la provincia de Le\u00f3n, adem\u00e1s de los trabajos en esta muralla capitalina:<br \/>\n<strong>\u00b7 Se ha salvado la bas\u00edlica paleocristiana de Marialba de la Ribera, en Villaturiel.<\/strong><br \/>\n<strong>\u00b7 Se han aplicado medidas urgentes de consolidaci\u00f3n y mantenimiento en el Monasterio de Santa Mar\u00eda de Carracedo.<\/strong><br \/>\n<strong>\u00b7 Ayer se produjo la puesta de largo del Viejo Castillo Templario de Ponferrada.<\/strong><br \/>\n<strong>\u00b7 Y, en Le\u00f3n ciudad, se ha restaurado la fachada principal del convento de San Marcos.<\/strong><\/p>\n<p>Todas estas intervenciones han supuesto una inversi\u00f3n de cerca de 5,3 millones de euros, a las que hay que sumar la convocatoria de ayudas de 2019, resueltas el pasado mes de diciembre, en las que se ha aprobado la restauraci\u00f3n del castillo de Vozmediano y la rehabilitaci\u00f3n integral de la Casa Ucieda, en Osorno.<\/p>\n<p>Adem\u00e1s, se ha dado luz verde a la recuperaci\u00f3n arquitect\u00f3nica del monasterio de San Benito en Sahag\u00fan, as\u00ed como distintas actuaciones en la capilla de San Benito y en la torre del Reloj.<\/p>\n<p>Tambi\u00e9n, a instancias del Ayuntamiento de Le\u00f3n, se acometer\u00e1 la peatonalizaci\u00f3n de la calle Carreras y de la Avenida de los Cubos, con lo que se culmina la protecci\u00f3n y puesta en valor de esta parte de la muralla. La aportaci\u00f3n del Ministerio, que financiar\u00e1 el 75% de las obras, ascender\u00e1 a cerca de 800.000 euros.<\/p>\n<p><strong>Obras de restauraci\u00f3n de la muralla romana de Le\u00f3n<\/strong><br \/>\nLas murallas de Le\u00f3n son conocidas popularmente con dos nombres: &#8220;la muralla de los cubos&#8221;, como consecuencia de las caracter\u00edsticas torres dispuestas a lo largo de la construcci\u00f3n y constituyendo el per\u00edmetro m\u00e1s antiguo de la ciudad de origen romano. El segundo nombre es &#8220;las cercas&#8221;, aludiendo a la defensa erigida en el siglo XIV que proteg\u00eda los nuevos barrios de la ciudad. El conjunto monumental fue declarado BIC en 1931.<\/p>\n<p>La superficie del lienzo de Muralla a restaurar es de 1.666 m2. Los inmuebles denominados \u201cEra del Moro\u201d y \u201cMuralla de origen romano en el tramo del Lienzo Norte colindante la Era del Moro\u201d, poseen un uso exclusivamente p\u00fablico como Muralla de la ciudad y como espacio libre p\u00fablico (zona verde), debiendo convertirse en una zona peatonal y espacio de relaci\u00f3n para los habitantes y visitantes de la ciudad de Le\u00f3n, para permitir el disfrute y conocimiento de la Muralla.<\/p>\n<p>Los trabajos se dirigen a rehabilitar la cara exterior y adarve del Tramo A del Lienzo Norte, salvo la cortina situada entre los cubos N3 y N4 ya rehabilitados en una fase anterior, y rehabilitar la cara exterior del muro defensivo del Castillo. Asimismo, se realizar\u00e1 el seguimiento arqueol\u00f3gico de todos los tramos rehabilitados y se ejecutar\u00e1 el proyecto arqueol\u00f3gico para el entorno de la Era del Moro.<\/p>\n<p>Para ello, se ha procedido a la demolici\u00f3n de las edificaciones, la limpieza de la zona y nivelaci\u00f3n de los terrenos para poder ejecutar una zona ajardinada que incluya todas las instalaciones necesarias, riego, alumbrado, y recogida de pluviales.<\/p>\n<p><strong>Programa de Conservaci\u00f3n del Patrimonio Hist\u00f3rico Art\u00edstico, Actuaciones del 1,5% Cultural<\/strong><br \/>\nEsta actuaci\u00f3n, que demuestra el compromiso del Gobierno de proteger y salvaguardar el Patrimonio Cultural Espa\u00f1ol, se realiza en el marco del Programa de Conservaci\u00f3n del Patrimonio Hist\u00f3rico Art\u00edstico, Actuaciones del 1,5% Cultural, que constituye uno de los instrumentos de la Administraci\u00f3n General del Estado para responder al mandato constitucional por el que los Poderes P\u00fablicos deben garantizar la conservaci\u00f3n y promover el enriquecimiento del patrimonio hist\u00f3rico, cultural y art\u00edstico de los pueblos de Espa\u00f1a y de los bienes que lo integran.<\/p>\n<p>Tras el establecimiento del nuevo procedimiento de concurrencia competitiva, en el VII Acuerdo de Colaboraci\u00f3n entre los antiguos Ministerio de Fomento y Ministerio de Educaci\u00f3n, Cultura y Deportes, son ya cuatro las convocatorias de ayudas publicadas.<\/p>\n<p>La \u00faltima de ellas, publicada en el BOE del 16\/01\/20, supondr\u00e1 una aportaci\u00f3n m\u00e1xima por parte del Mitma de 61.000.000 \u20ac.<\/p>\n<p>En el marco de la misma, ha sido aprobada provisionalmente una nueva actuaci\u00f3n \u201cPeatonalizaci\u00f3n de la calle Carreras y de la Avenida de los Cubos\u201d para la protecci\u00f3n y puesta en valor de la muralla de origen romano del conjunto hist\u00f3ricos de la ciudad antigua de Le\u00f3n que, de resultar finalmente beneficiaria de ayuda, supondr\u00e1 una aportaci\u00f3n por parte del Mitma cercana a los 800.000 euros.<\/p>\n<p><strong>Otros programas del Mitma: Programa de Rehabilitaci\u00f3n del Patrimonio Arquitect\u00f3nico<\/strong><br \/>\nEl Ministerio financia asimismo otro importante n\u00famero de actuaciones de rehabilitaci\u00f3n a trav\u00e9s del Programa de Rehabilitaci\u00f3n del Patrimonio Arquitect\u00f3nico de la Direcci\u00f3n General de Agenda Urbana y Arquitectura, que consiste en la ejecuci\u00f3n de obras relevantes de rehabilitaci\u00f3n del patrimonio arquitect\u00f3nico espa\u00f1ol y dotaci\u00f3n de equipamientos p\u00fablicos con los presupuestos propios del Ministerio.<\/p>\n<p>En estos casos, Mitma ejerce como \u00f3rgano de contrataci\u00f3n de las obras, estando previsto una inversi\u00f3n en el ejercicio 2021 de m\u00e1s de 23 millones de euros a este Programa.<br \/>\n&#8212;&#8212;&#8212;&#8212;&#8212;&#8212;&#8212;&#8212;&#8212;&#8212;&#8212;&#8212;&#8212;&#8212;&#8212;&#8212;&#8212;&#8212;&#8212;&#8212;&#8212;&#8212;&#8212;&#8212;&#8212;&#8212;&#8212;&#8212;&#8212;&#8212;&#8212;<\/p>\n","protected":false},"excerpt":{"rendered":"<p>En la visita a las obras de la muralla romana de Le\u00f3n \u00b7 El ministro ha detallado las actuaciones del<\/p>\n","protected":false},"author":4,"featured_media":33352,"comment_status":"closed","ping_status":"open","sticky":false,"template":"","format":"standard","meta":{"footnotes":""},"categories":[818],"tags":[1232,117,69,1233],"class_list":["post-33350","post","type-post","status-publish","format-standard","has-post-thumbnail","hentry","category-notes-de-premsa","tag-arquitectura","tag-leon","tag-mitva-ministerio-de-fomento","tag-patrimonio","comments-off"],"_links":{"self":[{"href":"https:\/\/www.agrupament.cat\/portal\/wp-json\/wp\/v2\/posts\/33350","targetHints":{"allow":["GET"]}}],"collection":[{"href":"https:\/\/www.agrupament.cat\/portal\/wp-json\/wp\/v2\/posts"}],"about":[{"href":"https:\/\/www.agrupament.cat\/portal\/wp-json\/wp\/v2\/types\/post"}],"author":[{"embeddable":true,"href":"https:\/\/www.agrupament.cat\/portal\/wp-json\/wp\/v2\/users\/4"}],"replies":[{"embeddable":true,"href":"https:\/\/www.agrupament.cat\/portal\/wp-json\/wp\/v2\/comments?post=33350"}],"version-history":[{"count":1,"href":"https:\/\/www.agrupament.cat\/portal\/wp-json\/wp\/v2\/posts\/33350\/revisions"}],"predecessor-version":[{"id":33353,"href":"https:\/\/www.agrupament.cat\/portal\/wp-json\/wp\/v2\/posts\/33350\/revisions\/33353"}],"wp:featuredmedia":[{"embeddable":true,"href":"https:\/\/www.agrupament.cat\/portal\/wp-json\/wp\/v2\/media\/33352"}],"wp:attachment":[{"href":"https:\/\/www.agrupament.cat\/portal\/wp-json\/wp\/v2\/media?parent=33350"}],"wp:term":[{"taxonomy":"category","embeddable":true,"href":"https:\/\/www.agrupament.cat\/portal\/wp-json\/wp\/v2\/categories?post=33350"},{"taxonomy":"post_tag","embeddable":true,"href":"https:\/\/www.agrupament.cat\/portal\/wp-json\/wp\/v2\/tags?post=33350"}],"curies":[{"name":"wp","href":"https:\/\/api.w.org\/{rel}","templated":true}]}}