{"id":32998,"date":"2021-03-25T08:00:09","date_gmt":"2021-03-25T06:00:09","guid":{"rendered":"https:\/\/www.agrupament.cat\/portal\/?p=32998"},"modified":"2021-04-05T18:32:14","modified_gmt":"2021-04-05T16:32:14","slug":"adif-av-licita-las-obras-de-renovacion-de-desvios-en-la-lav-madrid-sevilla","status":"publish","type":"post","link":"https:\/\/www.agrupament.cat\/portal\/2021\/03\/adif-av-licita-las-obras-de-renovacion-de-desvios-en-la-lav-madrid-sevilla\/","title":{"rendered":"Adif AV licita las obras de renovaci\u00f3n de desv\u00edos en la LAV Madrid-Sevilla"},"content":{"rendered":"<p>Mejora de la infraestructura de alta velocidad<br \/>\n<strong>\u2022 El contrato, que cuenta con un presupuesto de licitaci\u00f3n superior a 21 millones de euros (IVA incluido), contempla la sustituci\u00f3n de 63 desv\u00edos localizados en las provincias de Madrid, Toledo, Ciudad Real, C\u00f3rdoba y Sevilla<\/strong><br \/>\n<strong>\u2022 Se trata de aparatos de v\u00eda que permiten el desdoblamiento de una v\u00eda en dos, entre otras funciones<\/strong><\/p>\n<p>24\/03\/2021. Adif Alta Velocidad (Adif AV) ha licitado el contrato de ejecuci\u00f3n de las obras correspondientes al proyecto de renovaci\u00f3n de desv\u00edos en la L\u00ednea de Alta Velocidad Madrid-Sevilla (fase 1). El contrato cuenta con un presupuesto de licitaci\u00f3n de 21.873.330,77 euros (IVA incluido) y un plazo de ejecuci\u00f3n de 15 meses.<\/p>\n<p>Las obras engloban los trabajos necesarios para la sustituci\u00f3n de 63 desv\u00edos (de un total de 319 aparatos de v\u00eda existentes en esta l\u00ednea), situados en diferentes puntos kilom\u00e9tricos (pp.kk.) a su paso por las provincias de Madrid, Toledo, Ciudad Real, C\u00f3rdoba y Sevilla.<\/p>\n<p>Los aparatos de v\u00eda son elementos fundamentales en la operativa ferroviaria dado que permiten el cruce o el desdoblamiento de v\u00edas o combinaciones de ambos. Entre los distintos tipos de aparatos de v\u00eda est\u00e1n los desv\u00edos, que posibilitan el desdoblamiento de una v\u00eda en dos, en tanto que las traves\u00edas permiten el cruzamiento de dos v\u00edas en oblicuo o perpendicularmente con continuidad de sus direcciones respectivas. La combinaci\u00f3n de desv\u00edos y traves\u00edas da lugar al escape, la diagonal, el haz y el bretelle, cada uno con distintas funcionalidades.<\/p>\n<p><strong>Las localizaciones en las que se realizar\u00e1n los trabajos son las siguientes:<\/strong><br \/>\n&#8211; Los Gavilanes (Madrid).<br \/>\n&#8211; Yeles (Toledo).<br \/>\n&#8211; Mora (Toledo).<br \/>\n&#8211; Urda (Toledo).<br \/>\n&#8211; Malag\u00f3n (Ciudad Real).<br \/>\n&#8211; Ciudad Real.<br \/>\n&#8211; Calatrava (Ciudad Real).<br \/>\n&#8211; Conquista (C\u00f3rdoba).<br \/>\n&#8211; Villanueva (C\u00f3rdoba).<br \/>\n&#8211; Guadajoz (Sevilla).<\/p>\n<p>La licitaci\u00f3n de estas actuaciones se enmarca en los trabajos de mejora integral previstos para la LAV Madrid-Sevilla, que contribuye a la consecuci\u00f3n del Objetivo de Desarrollo Sostenible (ODS) 9 (Industria, Innovaci\u00f3n e Infraestructura), que tiene entre sus metas el desarrollo de infraestructuras fiables, sostenibles, resilientes y de calidad.<\/p>\n<p><strong>Fondos europeos<\/strong><br \/>\nEsta actuaci\u00f3n va a ser cofinanciada por el Fondo Europeo de Desarrollo Regional (FEDER) a trav\u00e9s del P.O. Plurirregional de Espa\u00f1a 2014-2020, Objetivo Tem\u00e1tico 7: Transporte sostenible.<\/p>\n<p>\u201cUna manera de hacer Europa\u201d<\/p>\n","protected":false},"excerpt":{"rendered":"<p>Mejora de la infraestructura de alta velocidad \u2022 El contrato, que cuenta con un presupuesto de licitaci\u00f3n superior a 21<\/p>\n","protected":false},"author":4,"featured_media":32999,"comment_status":"closed","ping_status":"open","sticky":false,"template":"","format":"standard","meta":{"footnotes":""},"categories":[818],"tags":[71,986,961,776],"class_list":["post-32998","post","type-post","status-publish","format-standard","has-post-thumbnail","hentry","category-notes-de-premsa","tag-adif","tag-alta-velocidad","tag-infraestructuras","tag-lav-madrid-sur","comments-off"],"_links":{"self":[{"href":"https:\/\/www.agrupament.cat\/portal\/wp-json\/wp\/v2\/posts\/32998","targetHints":{"allow":["GET"]}}],"collection":[{"href":"https:\/\/www.agrupament.cat\/portal\/wp-json\/wp\/v2\/posts"}],"about":[{"href":"https:\/\/www.agrupament.cat\/portal\/wp-json\/wp\/v2\/types\/post"}],"author":[{"embeddable":true,"href":"https:\/\/www.agrupament.cat\/portal\/wp-json\/wp\/v2\/users\/4"}],"replies":[{"embeddable":true,"href":"https:\/\/www.agrupament.cat\/portal\/wp-json\/wp\/v2\/comments?post=32998"}],"version-history":[{"count":1,"href":"https:\/\/www.agrupament.cat\/portal\/wp-json\/wp\/v2\/posts\/32998\/revisions"}],"predecessor-version":[{"id":33000,"href":"https:\/\/www.agrupament.cat\/portal\/wp-json\/wp\/v2\/posts\/32998\/revisions\/33000"}],"wp:featuredmedia":[{"embeddable":true,"href":"https:\/\/www.agrupament.cat\/portal\/wp-json\/wp\/v2\/media\/32999"}],"wp:attachment":[{"href":"https:\/\/www.agrupament.cat\/portal\/wp-json\/wp\/v2\/media?parent=32998"}],"wp:term":[{"taxonomy":"category","embeddable":true,"href":"https:\/\/www.agrupament.cat\/portal\/wp-json\/wp\/v2\/categories?post=32998"},{"taxonomy":"post_tag","embeddable":true,"href":"https:\/\/www.agrupament.cat\/portal\/wp-json\/wp\/v2\/tags?post=32998"}],"curies":[{"name":"wp","href":"https:\/\/api.w.org\/{rel}","templated":true}]}}