{"id":32915,"date":"2021-03-11T02:34:40","date_gmt":"2021-03-11T00:34:40","guid":{"rendered":"https:\/\/www.agrupament.cat\/portal\/?p=32915"},"modified":"2021-03-11T02:34:40","modified_gmt":"2021-03-11T00:34:40","slug":"renfe-estableix-un-pla-alternatiu-de-transport-entre-la-plana-picamoixons-i-sant-vicenc-de-calders","status":"publish","type":"post","link":"https:\/\/www.agrupament.cat\/portal\/2021\/03\/renfe-estableix-un-pla-alternatiu-de-transport-entre-la-plana-picamoixons-i-sant-vicenc-de-calders\/","title":{"rendered":"Renfe estableix un Pla Alternatiu de Transport entre La Plana &#8211; Picamoixons i Sant Vicen\u00e7 de Calders"},"content":{"rendered":"<p><strong>\u00b7 Les afectacions seran els dies 13 i 14 de mar\u00e7<\/strong><br \/>\n<strong>\u00b7 Es modifica el servei a la l\u00ednia R13<\/strong><\/p>\n<p><strong>Dissabte 13 i diumenge 14 de mar\u00e7<\/strong>, derivat de les obres que executa Adif entre Roda de Bar\u00e0 i Sant Vicen\u00e7 de Calders, els serveis de Rodalies de Catalunya a la l\u00ednia R13 (Barcelona Estaci\u00f3 de Fran\u00e7a \u2013 Lleida) es veuran afectats.<\/p>\n<p>Per facilitar la mobilitat dels viatgers, Renfe ha establert un Pla Alternatiu de Transport per carretera entre les estacions de Sant Vicen\u00e7 de Calders, Valls i La Plana &#8211; Picamoixons per donar continu\u00eftat als clients en el tram afectat de la l\u00ednia.<\/p>\n<p>Els trens de la l\u00ednia R13 es veuran afectats els dies 13 i 14 de mar\u00e7. El primer tren en ambd\u00f3s sentits s\u2019efectuar\u00e0 transbordament per carretera entre Valls i Sant Vicen\u00e7 de Calders, els dos serveis de la tarda s\u2019efectuaran per carretera entre Sant Vicen\u00e7 de Calders i La Plana \u2013 Picamoixons, i l\u2019\u00faltima circulaci\u00f3 circular\u00e0 desviat per la l\u00ednia de Reus.<\/p>\n<p>Els clients poden consultar tota la informaci\u00f3 als webs de www.rodaliesdecatalunya.cat i renfe.com, app\u2019s de Rodalies de Catalunya i Renfe Cercan\u00edas i al tel\u00e8fon d\u2019informaci\u00f3 900 41 00 41.<\/p>\n<p>9 de mar\u00e7 de 2021<\/p>\n","protected":false},"excerpt":{"rendered":"<p>\u00b7 Les afectacions seran els dies 13 i 14 de mar\u00e7 \u00b7 Es modifica el servei a la l\u00ednia R13<\/p>\n","protected":false},"author":4,"featured_media":0,"comment_status":"closed","ping_status":"open","sticky":false,"template":"","format":"standard","meta":{"footnotes":""},"categories":[818],"tags":[17,298,72,44],"class_list":["post-32915","post","type-post","status-publish","format-standard","hentry","category-notes-de-premsa","tag-afectacions-e-incidencies","tag-r13","tag-renfe-operadora","tag-rodalies-cercanias","comments-off"],"_links":{"self":[{"href":"https:\/\/www.agrupament.cat\/portal\/wp-json\/wp\/v2\/posts\/32915","targetHints":{"allow":["GET"]}}],"collection":[{"href":"https:\/\/www.agrupament.cat\/portal\/wp-json\/wp\/v2\/posts"}],"about":[{"href":"https:\/\/www.agrupament.cat\/portal\/wp-json\/wp\/v2\/types\/post"}],"author":[{"embeddable":true,"href":"https:\/\/www.agrupament.cat\/portal\/wp-json\/wp\/v2\/users\/4"}],"replies":[{"embeddable":true,"href":"https:\/\/www.agrupament.cat\/portal\/wp-json\/wp\/v2\/comments?post=32915"}],"version-history":[{"count":1,"href":"https:\/\/www.agrupament.cat\/portal\/wp-json\/wp\/v2\/posts\/32915\/revisions"}],"predecessor-version":[{"id":32916,"href":"https:\/\/www.agrupament.cat\/portal\/wp-json\/wp\/v2\/posts\/32915\/revisions\/32916"}],"wp:attachment":[{"href":"https:\/\/www.agrupament.cat\/portal\/wp-json\/wp\/v2\/media?parent=32915"}],"wp:term":[{"taxonomy":"category","embeddable":true,"href":"https:\/\/www.agrupament.cat\/portal\/wp-json\/wp\/v2\/categories?post=32915"},{"taxonomy":"post_tag","embeddable":true,"href":"https:\/\/www.agrupament.cat\/portal\/wp-json\/wp\/v2\/tags?post=32915"}],"curies":[{"name":"wp","href":"https:\/\/api.w.org\/{rel}","templated":true}]}}