{"id":32768,"date":"2021-02-26T08:00:50","date_gmt":"2021-02-26T06:00:50","guid":{"rendered":"https:\/\/www.agrupament.cat\/portal\/?p=32768"},"modified":"2021-02-27T18:58:32","modified_gmt":"2021-02-27T16:58:32","slug":"adif-y-la-autoridad-portuaria-de-alicante-se-coordinan-para-utilizar-las-instalaciones-ferroviarias-del-puerto-durante-las-obras-de-la-linea-murcia-chinchilla","status":"publish","type":"post","link":"https:\/\/www.agrupament.cat\/portal\/2021\/02\/adif-y-la-autoridad-portuaria-de-alicante-se-coordinan-para-utilizar-las-instalaciones-ferroviarias-del-puerto-durante-las-obras-de-la-linea-murcia-chinchilla\/","title":{"rendered":"Adif y la Autoridad Portuaria de Alicante se coordinan para utilizar las instalaciones ferroviarias del puerto durante las obras de la l\u00ednea Murcia-Chinchilla"},"content":{"rendered":"<p><strong>\u2022 Las v\u00edas portuarias servir\u00e1n para realizar la maniobra de entrada e inversi\u00f3n de marcha de los convoyes.<\/strong><br \/>\n<strong>\u2022 No se contempla el estacionamiento de ning\u00fan tren, y los movimientos se har\u00e1n a primera hora de la ma\u00f1ana y \u00faltima hora de la tarde\/noche.<\/strong><\/p>\n<p>25\/02\/2021. La Autoridad Portuaria de Alicante y el Administrador de Infraestructuras Ferroviarias (Adif) han llegado a un acuerdo para el uso de las instalaciones ferroviarias portuarias, durante el tiempo que duren las obras de reparaci\u00f3n y mejora del tramo ferroviario de la l\u00ednea que conecta Chinchilla con Murcia y Cartagena, con el fin de realizar la maniobra de inversi\u00f3n de la marcha del convoy.<\/p>\n<p>El acuerdo se produce tras la solicitud de colaboraci\u00f3n, por parte de Adif, para utilizar las instalaciones portuarias, ofreciendo as\u00ed una soluci\u00f3n alternativa a la planteada inicialmente.<\/p>\n<p>La Autoridad Portuaria, continuando con su objetivo de mejorar la convivencia del puerto con la ciudad, aceptaba de inmediato ofrecer sus instalaciones a Adif, sin coste alguno, demostrando, una vez m\u00e1s, su respeto e implicaci\u00f3n con los intereses de los ciudadanos.<\/p>\n<p>Una vez resueltas las implicaciones t\u00e9cnicas de seguridad, de las que solo Adif pod\u00eda hacerse cargo, esta ma\u00f1ana se ha formalizado la decisi\u00f3n de ambas instituciones.<\/p>\n<p>La operativa, que comenzar\u00e1 en breve, se realizar\u00e1 en horario a primera hora de la ma\u00f1ana y \u00faltima hora de la tarde\/noche, no necesitando ning\u00fan tipo de medida de seguridad adicional a las ya previstas en la normativa, ya que no se contempla el estacionamiento de ning\u00fan convoy o de su mercanc\u00eda.<\/p>\n","protected":false},"excerpt":{"rendered":"<p>\u2022 Las v\u00edas portuarias servir\u00e1n para realizar la maniobra de entrada e inversi\u00f3n de marcha de los convoyes. \u2022 No<\/p>\n","protected":false},"author":4,"featured_media":0,"comment_status":"closed","ping_status":"open","sticky":false,"template":"","format":"standard","meta":{"footnotes":""},"categories":[818],"tags":[71,268,263,1157,961,174,904],"class_list":["post-32768","post","type-post","status-publish","format-standard","hentry","category-notes-de-premsa","tag-adif","tag-alicante","tag-cartagena","tag-chinchilla","tag-infraestructuras","tag-murcia","tag-puerto","comments-off"],"_links":{"self":[{"href":"https:\/\/www.agrupament.cat\/portal\/wp-json\/wp\/v2\/posts\/32768","targetHints":{"allow":["GET"]}}],"collection":[{"href":"https:\/\/www.agrupament.cat\/portal\/wp-json\/wp\/v2\/posts"}],"about":[{"href":"https:\/\/www.agrupament.cat\/portal\/wp-json\/wp\/v2\/types\/post"}],"author":[{"embeddable":true,"href":"https:\/\/www.agrupament.cat\/portal\/wp-json\/wp\/v2\/users\/4"}],"replies":[{"embeddable":true,"href":"https:\/\/www.agrupament.cat\/portal\/wp-json\/wp\/v2\/comments?post=32768"}],"version-history":[{"count":1,"href":"https:\/\/www.agrupament.cat\/portal\/wp-json\/wp\/v2\/posts\/32768\/revisions"}],"predecessor-version":[{"id":32769,"href":"https:\/\/www.agrupament.cat\/portal\/wp-json\/wp\/v2\/posts\/32768\/revisions\/32769"}],"wp:attachment":[{"href":"https:\/\/www.agrupament.cat\/portal\/wp-json\/wp\/v2\/media?parent=32768"}],"wp:term":[{"taxonomy":"category","embeddable":true,"href":"https:\/\/www.agrupament.cat\/portal\/wp-json\/wp\/v2\/categories?post=32768"},{"taxonomy":"post_tag","embeddable":true,"href":"https:\/\/www.agrupament.cat\/portal\/wp-json\/wp\/v2\/tags?post=32768"}],"curies":[{"name":"wp","href":"https:\/\/api.w.org\/{rel}","templated":true}]}}