{"id":32722,"date":"2021-02-23T08:00:46","date_gmt":"2021-02-23T06:00:46","guid":{"rendered":"https:\/\/www.agrupament.cat\/portal\/?p=32722"},"modified":"2021-02-25T21:05:56","modified_gmt":"2021-02-25T19:05:56","slug":"renfe-crea-un-grup-dexperts-per-assessorar-en-el-seu-creixement-a-catalunya","status":"publish","type":"post","link":"https:\/\/www.agrupament.cat\/portal\/2021\/02\/renfe-crea-un-grup-dexperts-per-assessorar-en-el-seu-creixement-a-catalunya\/","title":{"rendered":"Renfe crea un Grup d\u2019Experts per assessorar en el seu creixement a Catalunya"},"content":{"rendered":"<p><strong>\u00b7 Estar\u00e0 format per onze experts de diversos \u00e0mbits de la societat catalana relacionats amb la mobilitat, turisme i log\u00edstica<\/strong><\/p>\n<p>Barcelona, 22 de febrer de 2020 (Renfe).<br \/>\nRenfe ha creat un Grup d\u2019Experts a Catalunya que comptar\u00e0 amb onze membres que donaran suport a l\u2019operadora en millorar el seu servei a la ciutadania catalana.<\/p>\n<p>Aquest grup d\u2019experts, de diferents \u00e0mbits socioecon\u00f2mics de la societat de Catalunya, permetr\u00e0 Renfe escoltar veus externes amb experi\u00e8ncia contrastada en sectors empresarials, tur\u00edstics, log\u00edstics o de car\u00e0cter operacional.<\/p>\n<p>La creaci\u00f3 d\u2019aquest Grup d\u2019Experts de Renfe a Catalunya respon a la voluntat de l\u2019Operador de millorar i cr\u00e9ixer en el servei que es presta a Rodalies de Catalunya, ampliar quota de mercat en els seus serveis comercials innovant en la creaci\u00f3 de productes que afavoreixin i incrementin la mobilitat dels turistes que ens visiten i desenvolupar els actius i potencialitats que t\u00e9 el transport de mercaderies per ferrocarril, entre d\u2019altres.<\/p>\n<p>Per assolir aquestes fites, Renfe ho vol fer de la m\u00e0 de la societat catalana esdevenint un motor de recuperaci\u00f3 econ\u00f2mica i social una vegada comencem a superar la pand\u00e8mia de la Covid-19.<\/p>\n<p>El Grup d\u2019Experts es reunir\u00e0 de manera peri\u00f2dica i un cop configurat es podran desenvolupar les iniciatives que es vagin presentant a trav\u00e9s de diferents comissions.<\/p>\n<p>Renfe agraeix als membres d\u2019aquest grup la seva participaci\u00f3 volunt\u00e0ria que permetr\u00e0 identificar i seleccionar elements estrat\u00e8gics per a la millora del servei que la companyia presta a Catalunya.<\/p>\n<p><strong>Membres Grup d\u2019Experts<\/strong><br \/>\n<strong>\u00b7 Marian Muro.<\/strong> Advocada especialitzada en dret d\u2019Associacions i dret del Turisme. Ha estat directora general del Grup Juli\u00e0 i directora general de Turisme de la Generalitat entre 2011 i 2016. Actualment \u00e9s la directora de Turisme de Barcelona.<br \/>\n<strong>\u00b7 Jordi Valls.<\/strong> Llicenciat en dret. Va ser alcalde de Manresa entre 1995 i 2006, exconseller de Treball i Ind\u00fastria de la Generalitat de Catalunya i expresident de l\u2019Autoritat Portu\u00e0ria de Barcelona. Tamb\u00e9 ha estat director general del Grup Suez a M\u00e8xic i, posteriorment, director general d\u2019Am\u00e8rica Llatina Nord. Actualment \u00e9s director general de Mercabarna.<br \/>\n<strong>\u00b7 Jordi Casas.<\/strong> Advocat va ser senador, diputat al Congr\u00e9s i al Parlament de Catalunya. Va exercir com a Delegat del Govern a Madrid i actualment \u00e9s el Cap de Gabinet de Presid\u00e8ncia de Foment del Treball.<br \/>\n<strong>\u00b7 Emma Cobos.<\/strong> Llicenciada en Ci\u00e8ncies Econ\u00f2miques i Empresarials, des de 2009 \u00e9s directora de Desenvolupament de Negoci del Port de Barcelona.<br \/>\n<strong>\u00b7 Anna Matas.<\/strong> Catedr\u00e0tica d\u2019Economia Aplicada i directora del Departament d\u2019Economia Aplicada de la Universitat Aut\u00f2noma de Barcelona. Directora del programa d\u2019investigaci\u00f3 d\u2019Infraestructures i Transport de l\u2019Institut d\u2019Economia de Barcelona.<br \/>\n<strong>\u00b7 Pere Macias.<\/strong> Enginyer de Camins, Canals i Ports, va ser alcalde d\u2019Olot, conseller de Medi Ambient i de Pol\u00edtica Territorial i Obres P\u00fabliques de la Generalitat de Catalunya, a m\u00e9s de senador i diputat. Va ser el director t\u00e8cnic del projecte de connexi\u00f3 dels dos tramvies de Barcelona i a l\u2019actualitat \u00e9s coordinador del Pla de Rodalies de Catalunya i presideix la Fundaci\u00f3 Cercle d\u2019Infraestructures.<br \/>\n<strong>\u00b7 Anna Balletb\u00f3.<\/strong> Periodista i exdiputada en el Congr\u00e9s dels Diputats. Des de 2002 \u00e9s la presidenta de la Fundaci\u00f3 Internacional Olof Palme de la qual n\u2019\u00e9s cofundadora i actualment consellera de Renfe Viatgers.<br \/>\n<strong>\u00b7 Joan Torres.<\/strong> Enginyer Industrial que va ser president de l\u2019Entitat Metropolitana del Transport, Transports Metropolitans de Barcelona, de Ferrocarrils de la Generalitat de Catalunya, de l\u2019Institut Metropolit\u00e0 del Taxi, aix\u00ed com de l\u2019Associaci\u00f3 d\u2019Enginyers Industrials de Catalunya. Actualment \u00e9s conseller de Renfe Mercaderies<br \/>\n<strong>\u00b7 Jordi Prat.<\/strong> Enginyer de Camins. Va ser director regional a Catalunya per al Ministeri d\u2019Obres P\u00fabliques, Coordinador d\u2019Adif de les actuacions de l\u2019Alta Velocitat a Catalunya, director del Consorci d\u2019Alta Velocitat de Barcelona i coordinador de la xarxa ferrovi\u00e0ria a Barcelona. Actualment \u00e9s conseller de Renfe Fabricaci\u00f3 i Manteniment.<br \/>\n<strong>\u00b7 Manuel G\u00f3mez Acosta.<\/strong> Enginyer Industrial. Va ser director de Cooperaci\u00f3 Tecnol\u00f2gica Internacional de TMB, director general de TUBSA i investigador de l\u2019Institut d\u2019Estudis Metropolitans de Barcelona. Tamb\u00e9 ha estat director de Relacions Institucionals del Grup Alstom a Catalunya i vicepresident de Railgrup. Actualment \u00e9s conseller de Renfe Fabricaci\u00f3 i Manteniment.<br \/>\n<strong>\u00b7 Jordi Xucl\u00e0. A<\/strong>dvocat, exsenador i exdiputat al Congr\u00e9s. A l\u2019actualitat exerceix com a professor a la Universitat Ramon Lluill i \u00e9s conseller de Renfe Mercaderies.<\/p>\n<p>Per part de Renfe hi assistiran el president Isa\u00edas T\u00e1boas, el director General d\u2019Estrat\u00e8gia i Innovaci\u00f3, Manel Villalante, la directora de Rodalies de Catalunya, Mayte Castillo i el director del mercat Multiproducte de Renfe Mercanc\u00edas, Julio Carazo.<\/p>\n","protected":false},"excerpt":{"rendered":"<p>\u00b7 Estar\u00e0 format per onze experts de diversos \u00e0mbits de la societat catalana relacionats amb la mobilitat, turisme i log\u00edstica<\/p>\n","protected":false},"author":4,"featured_media":0,"comment_status":"closed","ping_status":"open","sticky":false,"template":"","format":"standard","meta":{"footnotes":""},"categories":[818],"tags":[36,1149,72],"class_list":["post-32722","post","type-post","status-publish","format-standard","hentry","category-notes-de-premsa","tag-catalunya","tag-experts","tag-renfe-operadora","comments-off"],"_links":{"self":[{"href":"https:\/\/www.agrupament.cat\/portal\/wp-json\/wp\/v2\/posts\/32722","targetHints":{"allow":["GET"]}}],"collection":[{"href":"https:\/\/www.agrupament.cat\/portal\/wp-json\/wp\/v2\/posts"}],"about":[{"href":"https:\/\/www.agrupament.cat\/portal\/wp-json\/wp\/v2\/types\/post"}],"author":[{"embeddable":true,"href":"https:\/\/www.agrupament.cat\/portal\/wp-json\/wp\/v2\/users\/4"}],"replies":[{"embeddable":true,"href":"https:\/\/www.agrupament.cat\/portal\/wp-json\/wp\/v2\/comments?post=32722"}],"version-history":[{"count":1,"href":"https:\/\/www.agrupament.cat\/portal\/wp-json\/wp\/v2\/posts\/32722\/revisions"}],"predecessor-version":[{"id":32723,"href":"https:\/\/www.agrupament.cat\/portal\/wp-json\/wp\/v2\/posts\/32722\/revisions\/32723"}],"wp:attachment":[{"href":"https:\/\/www.agrupament.cat\/portal\/wp-json\/wp\/v2\/media?parent=32722"}],"wp:term":[{"taxonomy":"category","embeddable":true,"href":"https:\/\/www.agrupament.cat\/portal\/wp-json\/wp\/v2\/categories?post=32722"},{"taxonomy":"post_tag","embeddable":true,"href":"https:\/\/www.agrupament.cat\/portal\/wp-json\/wp\/v2\/tags?post=32722"}],"curies":[{"name":"wp","href":"https:\/\/api.w.org\/{rel}","templated":true}]}}