{"id":32720,"date":"2021-02-24T08:00:35","date_gmt":"2021-02-24T06:00:35","guid":{"rendered":"https:\/\/www.agrupament.cat\/portal\/?p=32720"},"modified":"2021-02-25T20:56:53","modified_gmt":"2021-02-25T18:56:53","slug":"firmat-el-contracte-tmb-iberdrola-per-a-la-primera-planta-dhidrogen-dus-public-despanya","status":"publish","type":"post","link":"https:\/\/www.agrupament.cat\/portal\/2021\/02\/firmat-el-contracte-tmb-iberdrola-per-a-la-primera-planta-dhidrogen-dus-public-despanya\/","title":{"rendered":"Firmat el contracte TMB-Iberdrola per a la primera planta d&#8217;hidrogen d&#8217;\u00fas p\u00fablic d&#8217;Espanya"},"content":{"rendered":"<p>23 de febrer del 2021<br \/>\n<strong>La hidrogenera de la Zona Franca entrar\u00e0 en servei al novembre per abastir els primers vuit autobusos de pila de combustible que circularan per Barcelona<\/strong><\/p>\n<p>TMB i Iberdrola han firmat avui el contracte per al subministrament d&#8217;hidrogen d&#8217;origen renovable a la flota d&#8217;autobusos urbans de Barcelona mitjan\u00e7ant una planta que podr\u00e0 donar servei tamb\u00e9 a altres flotes de vehicles el\u00e8ctrics, en la l\u00ednia d&#8217;avan\u00e7ar cap a una nova mobilitat amb zero emissions contaminants.<\/p>\n<p>Per part de TMB ha firmat el conseller delegat, Gerardo Lertxundi, acompanyat del director de la Xarxa d&#8217;Autobusos, Jacobo Kalitovics. Per Iberdrola ha signat Mill\u00e1n Garc\u00eda-Tola, director de la Divisi\u00f3 H2 Verda, al costat de Joaqu\u00edn Lloret, director comercial a Catalunya, i Adolfo J. Rivera, responsable de Desenvolupament de Negoci i Projectes H2 Verd.<\/p>\n<p>Es formalitza aix\u00ed l&#8217;alian\u00e7a entre TMB i Iberdrola per a la construcci\u00f3 d&#8217;una hidrogenera al pol\u00edgon industrial de la Zona Franca que ser\u00e0 la primera de car\u00e0cter p\u00fablic a Espanya. La planta comen\u00e7ar\u00e0 a construir-se pr\u00f2ximament en una parcel\u00b7la de 5.000 metres quadrats arrendada al Consorci de la Zona Franca.<\/p>\n<p>A partir de la seva posada en servei, el proper mes de novembre, la utilitzaran els autobusos de TMB d&#8217;aquesta tecnologia i potencialment tamb\u00e9 altres flotes i ind\u00fastries de pol\u00edgon que adoptin l&#8217;hidrogen com a soluci\u00f3 energ\u00e8tica.<\/p>\n<p>La planta subministrar\u00e0 hidrogen d&#8217;origen renovable, produ\u00eft per electr\u00f2lisi, a la flota d&#8217;autobusos i tota la demanda addicional local. S&#8217;iniciar\u00e0 aix\u00ed la creaci\u00f3 d&#8217;un hub d&#8217;hidrogen verd en una de les principals zones industrials de Catalunya i Espanya.<\/p>\n<p><strong>Els vuit primers autobusos de pila de combustible<\/strong><br \/>\nEls primers vehicles a proveir-se en la nova planta seran els vuit autobusos de pila d&#8217;hidrogen d&#8217;\u00faltima generaci\u00f3 adquirits per TMB l&#8217;any passat, que arribaran a Barcelona el novembre de 2021 amb la previsi\u00f3 que s&#8217;incorporin al servei a principis del 2022. El seu consum estimat \u00e9s de 160 quilos diaris, que augmentar\u00e0 en anys successius a mesura que s&#8217;afegeixin unitats d&#8217;aquesta tecnologia a la flota, fins als 60 previstos.<\/p>\n<p>L&#8217;adopci\u00f3 de l&#8217;hidrogen per part de TMB compta amb el suport del programa europeu JIVE 2 de promoci\u00f3 dels vehicles de pila de combustible i zero emissions, cofinan\u00e7at per la Uni\u00f3 Europea. El projecte s&#8217;impulsa amb la col\u00b7laboraci\u00f3 de l&#8217;Autoritat del Transport Metropolit\u00e0 de Barcelona.<\/p>\n<p>L&#8217;aposta per l&#8217;hidrogen forma part de l&#8217;opci\u00f3 estrat\u00e8gica de TMB per les energies verdes. La presidenta de la companyia, Rosa Alarc\u00f3n, l&#8217;ha definit com un &#8220;projecte il\u00b7lusionant&#8221; que abasta la planta de c\u00e0rrega i la compra dels vehicles, i que va &#8220;en la l\u00ednia de l&#8217;acompliment dels objectius de descarbonitzaci\u00f3 del transport urb\u00e0&#8221;. &#8220;El futur \u00e9s el transport p\u00fablic de zero emissions, per fer front a les tres crisis que vivim, la sanit\u00e0ria, l&#8217;econ\u00f2mica i l&#8217;ambiental&#8221;, ha subratllat.<\/p>\n<p>Per Mill\u00e1n Garc\u00eda-Tola, director global d&#8217;Hidrogen d&#8217;Iberdrola, &#8220;aquest projecte pioner demostrar\u00e0 la capacitat de l&#8217;hidrogen verd per transformar l&#8217;electrificaci\u00f3 del transport urb\u00e0, promoure la descarbonitzaci\u00f3 de la nostra economia i desenvolupar cadenes industrials innovadores i amb alt valor afegit al nostre pa\u00eds&#8221;. &#8220;Amb iniciatives com la que desenvoluparem amb TMB podem convertir a Catalunya i Espanya en referent de l&#8217;economia de l&#8217;hidrogen i extreure el m\u00e0xim valor a el recurs renovable disponible al nostre pa\u00eds&#8221;.<\/p>\n","protected":false},"excerpt":{"rendered":"<p>23 de febrer del 2021 La hidrogenera de la Zona Franca entrar\u00e0 en servei al novembre per abastir els primers<\/p>\n","protected":false},"author":4,"featured_media":0,"comment_status":"closed","ping_status":"open","sticky":false,"template":"","format":"standard","meta":{"footnotes":""},"categories":[818],"tags":[854,1148,1147,56],"class_list":["post-32720","post","type-post","status-publish","format-standard","hentry","category-notes-de-premsa","tag-autobus","tag-iberdrola","tag-pilas-combustible","tag-metro-barcelona-tmb","comments-off"],"_links":{"self":[{"href":"https:\/\/www.agrupament.cat\/portal\/wp-json\/wp\/v2\/posts\/32720","targetHints":{"allow":["GET"]}}],"collection":[{"href":"https:\/\/www.agrupament.cat\/portal\/wp-json\/wp\/v2\/posts"}],"about":[{"href":"https:\/\/www.agrupament.cat\/portal\/wp-json\/wp\/v2\/types\/post"}],"author":[{"embeddable":true,"href":"https:\/\/www.agrupament.cat\/portal\/wp-json\/wp\/v2\/users\/4"}],"replies":[{"embeddable":true,"href":"https:\/\/www.agrupament.cat\/portal\/wp-json\/wp\/v2\/comments?post=32720"}],"version-history":[{"count":1,"href":"https:\/\/www.agrupament.cat\/portal\/wp-json\/wp\/v2\/posts\/32720\/revisions"}],"predecessor-version":[{"id":32721,"href":"https:\/\/www.agrupament.cat\/portal\/wp-json\/wp\/v2\/posts\/32720\/revisions\/32721"}],"wp:attachment":[{"href":"https:\/\/www.agrupament.cat\/portal\/wp-json\/wp\/v2\/media?parent=32720"}],"wp:term":[{"taxonomy":"category","embeddable":true,"href":"https:\/\/www.agrupament.cat\/portal\/wp-json\/wp\/v2\/categories?post=32720"},{"taxonomy":"post_tag","embeddable":true,"href":"https:\/\/www.agrupament.cat\/portal\/wp-json\/wp\/v2\/tags?post=32720"}],"curies":[{"name":"wp","href":"https:\/\/api.w.org\/{rel}","templated":true}]}}