{"id":326,"date":"2007-10-28T20:30:05","date_gmt":"2007-10-28T19:30:05","guid":{"rendered":"http:\/\/www.agrupament.cat\/portal\/?p=326"},"modified":"2009-04-10T10:49:34","modified_gmt":"2009-04-10T09:49:34","slug":"21-concurso-fotografico-caminos-de-hierro","status":"publish","type":"post","link":"https:\/\/www.agrupament.cat\/portal\/2007\/10\/21-concurso-fotografico-caminos-de-hierro\/","title":{"rendered":"21\u00ba concurso fotogr\u00e1fico &#8220;Caminos de Hierro&#8221;"},"content":{"rendered":"<p>En esta edici\u00f3n se han seleccionado 6 obras de los 86 autores que se han presentado de la Comunidad Valenciana, de un total de 2.206 obras de 24 pa\u00edses \u2022 La muestra se expone hasta el d\u00eda 12 de noviembre \u2022 El concurso est\u00e1 dotado con 16.920 euros<\/p>\n<p>25\/10\/2007. La exposici\u00f3n de fotograf\u00edas correspondiente al 21\u00ba concurso fotogr\u00e1fico &#8220;Caminos de Hierro&#8221;, organizado por la Fundaci\u00f3n de los Ferrocarriles Espa\u00f1oles, se ha inaugurado hoy y se puede visitar hasta el d\u00eda 12 de noviembre en el vest\u00edbulo de la Estaci\u00f3n del Norte de Valencia, cuya titularizad y gesti\u00f3n ostenta Adif, entidad p\u00fablica empresarial dependiente del Ministerio de Fomento.<\/p>\n<p><!--more-->El concurso fotogr\u00e1fico \u201cCaminos de Hierro\u201d pretende fomentar la creatividad en el \u00e1mbito del ferrocarril en todos sus aspectos: viajeros, estaciones, trenes, v\u00edas, puentes, t\u00faneles, transporte urbano, interurbano y metropolitano, etc. Este concurso ha supuesto para la Fundaci\u00f3n de los Ferrocarriles Espa\u00f1oles el Premio Nacional de Fotograf\u00eda, en la categor\u00eda de mecenas, otorgado por la Confederaci\u00f3n Espa\u00f1ola de Fotograf\u00eda.<\/p>\n<p>\u201cCorrientes\u201d es el t\u00edtulo de la serie fotogr\u00e1fica galardonada con el primer premio, dotado con 6.000 euros, y su autora es Lourdes L\u00f3pez Rodr\u00edguez (Tarragona). El segundo premio, de 3.000 euros, ha sido otorgado a la fot\u00f3grafa Irina Bosch Garc\u00eda (Barcelona) por su serie \u201cPeinando colores\u201d. El Premio Autor Joven, con una dotaci\u00f3n de 1.800 euros, ha correspondido a Ivonne Ramona Ribes (Alicante).<\/p>\n<p>Los acc\u00e9sit, de 400 euros cada uno, han sido para los fot\u00f3grafos: Emilio Barcos Varo (C\u00f3rdoba); Jorge Fabi\u00e1n Castillo (M\u00e9xico); Jordi Cohen (Barcelona); Leonardo Horacio Fainbich (Argentina); V\u00edctor M. Fern\u00e1ndez L\u00f3pez (Madrid); Jean Fl\u00eache (Francia); Fernando Flores Huecas (Madrid); Jos\u00e9 Luis Garc\u00eda Garc\u00eda (Granada); Raoul Iacometti (Italia), y Josu Izarra (\u00c1lava).<\/p>\n<p>Se exponen 6 obras de autores valencianos<\/p>\n<p>En esta edici\u00f3n se han presentado 86 autores de la Comunitat Valenciana, 49 de ellos de Valencia. Se seleccionaron seis obras entre las que destacan las fotograf\u00edas de Ivonne Ramona Ribes (Denia, Alicante), que obtuvo el premio Autor Joven y Jean Fl\u00eache (Denia, Alicante) que obtuvo un acc\u00e9sit. Tambi\u00e9n se seleccionaron obras de Juan Carlos Juan P\u00e9rez (Crevillente, Alicante); Elena S\u00e1nchez Sanz (Alfafar, Valencia); Jake Abbot Abad (Jes\u00fas Pobre, Alicante) y Jean Fl\u00eache (Denia, Alicante).<\/p>\n<p>En la exposici\u00f3n se puede ver una selecci\u00f3n de 55 autores, que con 54 fotograf\u00edas individuales y 12 series se acercan al ferrocarril desde muy distintos puntos de vista. En esta edici\u00f3n, por primera vez, adem\u00e1s de fotograf\u00edas individuales, se pod\u00edan presentar series fotogr\u00e1ficas. El n\u00famero de obras presentadas ha sido de 2.206 (2.070 individuales y 136 series) pertenecientes a 1.065 autores, procedentes de veinticuatro pa\u00edses. Este a\u00f1o han concursado 131 autores j\u00f3venes.<\/p>\n<p>La exposici\u00f3n est\u00e1 patrocinada por Vossloh-Espa\u00f1a, fabricante europeo de material rodante ferroviario ubicado en la Comunidad Valenciana, y por el Grupo Sando, empresa del sector de la construcci\u00f3n con presencia en todo el territorio nacional y en el extranjero y que dispone tambi\u00e9n de una delegaci\u00f3n en Valencia.<\/p>\n<p>La exposici\u00f3n visitar\u00e1 a continuaci\u00f3n los vest\u00edbulos de las estaciones de Murcia, Toledo y Madrid.<\/p>\n<p>En la p\u00e1gina web del concurso se pueden ver las im\u00e1genes premiadas, una visita virtual de la exposici\u00f3n, as\u00ed como informaci\u00f3n general de \u201cCaminos de Hierro\u201d: <a href=\"http:\/\/www.ffe.es\/caminosdehierro\">www.ffe.es\/caminosdehierro<\/a>.<\/p>\n<p>Actualmente est\u00e1 convocada la 22\u00aa edici\u00f3n del concurso \u201cCaminos de Hierro\u201d cuyo plazo de admisi\u00f3n de fotograf\u00edas permanecer\u00e1 abierto hasta el pr\u00f3ximo 16 de noviembre.<\/p>\n","protected":false},"excerpt":{"rendered":"<p>En esta edici\u00f3n se han seleccionado 6 obras de los 86 autores que se han presentado de la Comunidad Valenciana,<\/p>\n","protected":false},"author":4,"featured_media":0,"comment_status":"closed","ping_status":"open","sticky":false,"template":"","format":"standard","meta":{"footnotes":""},"categories":[],"tags":[25],"class_list":["post-326","post","type-post","status-publish","format-standard","hentry","tag-actes-congrtesosi-exposicions-fires-i-formacio","comments-off"],"_links":{"self":[{"href":"https:\/\/www.agrupament.cat\/portal\/wp-json\/wp\/v2\/posts\/326","targetHints":{"allow":["GET"]}}],"collection":[{"href":"https:\/\/www.agrupament.cat\/portal\/wp-json\/wp\/v2\/posts"}],"about":[{"href":"https:\/\/www.agrupament.cat\/portal\/wp-json\/wp\/v2\/types\/post"}],"author":[{"embeddable":true,"href":"https:\/\/www.agrupament.cat\/portal\/wp-json\/wp\/v2\/users\/4"}],"replies":[{"embeddable":true,"href":"https:\/\/www.agrupament.cat\/portal\/wp-json\/wp\/v2\/comments?post=326"}],"version-history":[{"count":1,"href":"https:\/\/www.agrupament.cat\/portal\/wp-json\/wp\/v2\/posts\/326\/revisions"}],"predecessor-version":[{"id":3113,"href":"https:\/\/www.agrupament.cat\/portal\/wp-json\/wp\/v2\/posts\/326\/revisions\/3113"}],"wp:attachment":[{"href":"https:\/\/www.agrupament.cat\/portal\/wp-json\/wp\/v2\/media?parent=326"}],"wp:term":[{"taxonomy":"category","embeddable":true,"href":"https:\/\/www.agrupament.cat\/portal\/wp-json\/wp\/v2\/categories?post=326"},{"taxonomy":"post_tag","embeddable":true,"href":"https:\/\/www.agrupament.cat\/portal\/wp-json\/wp\/v2\/tags?post=326"}],"curies":[{"name":"wp","href":"https:\/\/api.w.org\/{rel}","templated":true}]}}