{"id":32474,"date":"2021-02-12T12:26:32","date_gmt":"2021-02-12T10:26:32","guid":{"rendered":"https:\/\/www.agrupament.cat\/portal\/?p=32474"},"modified":"2021-02-12T12:26:32","modified_gmt":"2021-02-12T10:26:32","slug":"mitma-publica-una-convocatoria-para-conocer-las-iniciativas-de-las-empresas-del-sector-del-transporte-en-el-marco-del-plan-de-recuperacion-transformacion-y-resiliencia","status":"publish","type":"post","link":"https:\/\/www.agrupament.cat\/portal\/2021\/02\/mitma-publica-una-convocatoria-para-conocer-las-iniciativas-de-las-empresas-del-sector-del-transporte-en-el-marco-del-plan-de-recuperacion-transformacion-y-resiliencia\/","title":{"rendered":"Mitma publica una convocatoria para conocer las iniciativas de las empresas del sector del transporte en el marco del Plan de Recuperaci\u00f3n, Transformaci\u00f3n y Resiliencia"},"content":{"rendered":"<p><strong>\u00b7 Con esta convocatoria, Mitma pretende tomar el pulso al sector, conocer sus propuestas y dise\u00f1ar un programa de ayudas alineado con los objetivos marcados por la Uni\u00f3n Europea para el transporte.<\/strong><br \/>\n<strong>\u00b7 Los resultados de esta participaci\u00f3n servir\u00e1n para orientar el contenido del Programa de Apoyo para un Transporte Sostenible y Digital, que est\u00e1 dise\u00f1ando Mitma y que ir\u00e1 dirigido a las empresas del sector.<\/strong><br \/>\n<strong>\u00b7 La convocatoria estar\u00e1 abierta hasta el 28 de febrero en el apartado de participaci\u00f3n p\u00fablica de la web de Mitma.<\/strong><\/p>\n<p>Madrid, 12 de febrero de 2021 (Mitma)<br \/>\nEl Ministerio de Transportes, Movilidad y Agenda Urbana (Mitma), publica una convocatoria de manifestaci\u00f3n de inter\u00e9s para conocer las propuestas del sector del transporte, tras la reuni\u00f3n mantenida el pasado 26 de enero, presidida por el secretario de Estado de Transportes, Movilidad y Agenda Urbana, Pedro Saura, en la que se avanzaron las principales l\u00edneas del Plan de Recuperaci\u00f3n, Transformaci\u00f3n y Resiliencia.<\/p>\n<p>En el marco del citado plan, Mitma est\u00e1 trabajando en la definici\u00f3n del Programa de Apoyo para un Transporte Sostenible y Digital, que tendr\u00e1 como objetivo mejorar el sistema de transporte y en especial, el transporte ferroviario de mercanc\u00edas.<\/p>\n<p>El Programa de Apoyo al Transporte Sostenible y Digital se enmarca en la componente 6 del Plan de Recuperaci\u00f3n, Transformaci\u00f3n y Resiliencia que est\u00e1 alineado y toma su nombre de la Estrategia de Movilidad Segura, Sostenible y Conectada.<\/p>\n<p>Este programa se articular\u00e1 a trav\u00e9s de convocatorias de ayuda a los diferentes proyectos que presenten las empresas del sector, en el \u00e1mbito de las grandes l\u00edneas de actuaci\u00f3n definidas:<br \/>\n? Fomento de la intermodalidad del transporte<br \/>\n? Impulso del transporte ferroviario de mercanc\u00edas<br \/>\n? Un transporte por carretera seguro, sostenible y digital<br \/>\n? Sostenibilidad del transporte mar\u00edtimo y a\u00e9reo ? Digitalizaci\u00f3n del transporte<\/p>\n<p>El objetivo del Ministerio con esta convocatoria es conocer las necesidades reales y propuestas del sector para dise\u00f1ar un programa de ayudas que incentive a las empresas que apuesten por un transporte con alto impacto en la transformaci\u00f3n ecol\u00f3gica y digital, la creaci\u00f3n de empleo y la eficiencia econ\u00f3mica.<\/p>\n<p>La convocatoria estar\u00e1 abierta hasta el 28 de febrero en el apartado de participaci\u00f3n p\u00fablica de la web de Mitma.<br \/>\n&#8212;<\/p>\n","protected":false},"excerpt":{"rendered":"<p>\u00b7 Con esta convocatoria, Mitma pretende tomar el pulso al sector, conocer sus propuestas y dise\u00f1ar un programa de ayudas<\/p>\n","protected":false},"author":4,"featured_media":0,"comment_status":"closed","ping_status":"open","sticky":false,"template":"","format":"standard","meta":{"footnotes":""},"categories":[818],"tags":[69,962],"class_list":["post-32474","post","type-post","status-publish","format-standard","hentry","category-notes-de-premsa","tag-mitva-ministerio-de-fomento","tag-transporte-y-movilidad","comments-off"],"_links":{"self":[{"href":"https:\/\/www.agrupament.cat\/portal\/wp-json\/wp\/v2\/posts\/32474","targetHints":{"allow":["GET"]}}],"collection":[{"href":"https:\/\/www.agrupament.cat\/portal\/wp-json\/wp\/v2\/posts"}],"about":[{"href":"https:\/\/www.agrupament.cat\/portal\/wp-json\/wp\/v2\/types\/post"}],"author":[{"embeddable":true,"href":"https:\/\/www.agrupament.cat\/portal\/wp-json\/wp\/v2\/users\/4"}],"replies":[{"embeddable":true,"href":"https:\/\/www.agrupament.cat\/portal\/wp-json\/wp\/v2\/comments?post=32474"}],"version-history":[{"count":1,"href":"https:\/\/www.agrupament.cat\/portal\/wp-json\/wp\/v2\/posts\/32474\/revisions"}],"predecessor-version":[{"id":32475,"href":"https:\/\/www.agrupament.cat\/portal\/wp-json\/wp\/v2\/posts\/32474\/revisions\/32475"}],"wp:attachment":[{"href":"https:\/\/www.agrupament.cat\/portal\/wp-json\/wp\/v2\/media?parent=32474"}],"wp:term":[{"taxonomy":"category","embeddable":true,"href":"https:\/\/www.agrupament.cat\/portal\/wp-json\/wp\/v2\/categories?post=32474"},{"taxonomy":"post_tag","embeddable":true,"href":"https:\/\/www.agrupament.cat\/portal\/wp-json\/wp\/v2\/tags?post=32474"}],"curies":[{"name":"wp","href":"https:\/\/api.w.org\/{rel}","templated":true}]}}