{"id":32296,"date":"2020-12-12T08:00:32","date_gmt":"2020-12-12T06:00:32","guid":{"rendered":"https:\/\/www.agrupament.cat\/portal\/?p=32296"},"modified":"2020-12-13T21:49:25","modified_gmt":"2020-12-13T19:49:25","slug":"fgc-construira-un-aparcament-dintercanvi-modal-a-lestacio-de-quatre-camins-que-doblara-la-capacitat-de-lactual","status":"publish","type":"post","link":"https:\/\/www.agrupament.cat\/portal\/2020\/12\/fgc-construira-un-aparcament-dintercanvi-modal-a-lestacio-de-quatre-camins-que-doblara-la-capacitat-de-lactual\/","title":{"rendered":"FGC construir\u00e0 un aparcament d&#8217;intercanvi modal a l&#8217;estaci\u00f3 de Quatre Camins que doblar\u00e0 la capacitat de l&#8217;actual"},"content":{"rendered":"<p>11\/12\/2020<br \/>\n<strong>\u00b7 L\u2019Ajuntament i FGC han arribat a un acord per impulsar el projecte de park&amp;ride al municipi, un edifici per a 300 vehicles que es construir\u00e0 a l\u2019espai que ocupa l\u2019actual aparcament a l\u2019aire lliure de l\u2019estaci\u00f3<\/strong><br \/>\n<strong>\u00b7 La construcci\u00f3 ser\u00e0 un edifici de planta baixa i dues plantes en al\u00e7at i permetr\u00e0 la intermodalitat tant amb FGC com amb les diferents l\u00ednies d\u2019autob\u00fas que conflueixen a l\u2019estaci\u00f3<\/strong><\/p>\n<p>Ferrocarrils de la Generalitat de Catalunya (FGC) ha redactat l\u2019avantprojecte per a l\u2019execuci\u00f3 d\u2019un nou aparcament a l\u2019estaci\u00f3 de Quatre Camins, al terme municipal de Sant Vicen\u00e7 dels Horts, de la l\u00ednia Llobregat-Anoia. El p\u00e0rquing es construir\u00e0 sobre els terrenys de l\u2019actual aparcament de l\u2019estaci\u00f3, que \u00e9s a l\u2019aire lliure, i en doblar\u00e0 la capacitat ja que es passar\u00e0 de les 153 places actuals a prop de 300.<\/p>\n<p>El president d\u2019FGC, Ricard Font, acompanyat de l\u2019alcalde de Sant Vicen\u00e7 dels Horts, Miguel Comino, i de ve\u00efns del barri de Sant Josep ha visitat avui l\u2019espai del futur aparcament, del qual ja se n`ha iniciat la tramitaci\u00f3 urban\u00edstica.<\/p>\n<p>El nou p\u00e0rquing ser\u00e0 un edifici de planta baixa i dues plantes en al\u00e7at. La seva disposici\u00f3 permetr\u00e0 la comunicaci\u00f3 a peu dels recorreguts d\u2019acc\u00e9s tant des de l\u2019estaci\u00f3 d\u2019FGC, per on circulen les l\u00ednies S4, S8, S9, R5 i R6, com des de l\u2019estaci\u00f3 de busos, on conflueixen les l\u00ednies interurbanes que comuniquen Barcelona i Molins de Rei amb Cervell\u00f3 i Vallirana (L50, L57 i 567) i amb la Palma de Cervell\u00f3 i Corbera (e8, 560 i 566), a m\u00e9s de la l\u00ednia L60, que dona servei al pol\u00edgon del Mol\u00ed dels Frares.<\/p>\n<p>A m\u00e9s, hi haur\u00e0 un vial perimetral al voltant del p\u00e0rquing per garantir la mobilitat tant de turismes com d\u2019autobusos. La Junta de Govern de l\u2019Ajuntament de Sant Vicen\u00e7 dels Horts ha aprovat la sol\u00b7licitud del procediment d\u2019avaluaci\u00f3 ambiental en s\u00f2l no urbanitzable, pas previ necessari per poder implantar el nou edifici d\u2019aparcament p\u00fablic.<\/p>\n<p>L\u2019edifici de l\u2019aparcament disposar\u00e0 de 298 places, 145 m\u00e9s que l\u2019actual, i n\u2019hi haur\u00e0 de reservades per a persones amb mobilitat redu\u00efda i per a vehicles el\u00e8ctrics. Tamb\u00e9 disposar\u00e0 d\u2019espai per a bicicletes. Est\u00e0 previst que entri en servei entre l\u2019any vinent i 2022.<\/p>\n<p><strong>Foment de la mobilitat sostenible<\/strong><br \/>\nL\u2019aparcament de Quatre Camins forma part del programa de park&amp;ride d\u2019FGC per aconseguir, els pr\u00f2xims anys, 1.500 noves places d\u2019aparcament a les estacions de les l\u00ednies metropolitanes, amb un triple objectiu: fomentar l\u2019\u00fas del transport p\u00fablic; fomentar l\u2019intercanvi modal, i millorar la mobilitat als principals municipis on FGC t\u00e9 estacions.<\/p>\n<p>Amb aquests aparcaments, que ja s\u2019han constru\u00eft a Terrassa i Sabadell (tots dos s\u2019obriran el pr\u00f2xim 21 de desembre) i que estan tamb\u00e9 en fase de projecte a les estacions de Martorell i Sant Joan, FGC possibilita que la ciutadania deixi el vehicle privat i accedeixi al centre de les ciutats amb transport p\u00fablic, \u201cfomentant aix\u00ed una mobilitat m\u00e9s sostenible i contribuint a la lluita contra el canvi clim\u00e0tic i la millora de la qualitat de l\u2019aire\u201d, ha assenyalat el president d\u2019FGC. Font ha posat de relleu que el nou aparcament \u201c\u00e9s un espai intermodal on conviuen l\u00ednies de tren, bus, vehicle privat, micromobilitat i on, a m\u00e9s, incorporarem una de les apostes de la companyia en mat\u00e8ria de digitalitzaci\u00f3: Amb la mateixa app d\u2019FGC, les persones usu\u00e0ries podran con\u00e8ixer l\u2019ocupaci\u00f3 en temps real de les places de l\u2019aparcament. D\u2019aquesta manera, es podran planificar millor els seus despla\u00e7aments\u201d. \u201cAquesta \u00e9s una de les mesures incloses en L\u2019Estrat\u00e8gia digital de l\u2019empresa i amb la qual volem oferir la m\u00e0xima qualitat en el servei al client aprofitant els avantatges de l\u2019economia digital\u201d, ha afegit.<\/p>\n<p>En aquest sentit, Font ha manifestat: \u201cA FGC evolucionarem les estacions per convertir-les en espais 4.0, concebudes com a zones digitals i hubs de serveis a la mobilitat; estacions digitalment avan\u00e7ades, que afavoriran el canvi modal i acolliran tot tipus de serveis m\u00e9s enll\u00e0 dels ferroviaris\u201d.<\/p>\n<p>Comino ha celebrat la construcci\u00f3 del nou aparcament, \u201cperqu\u00e8 donar\u00e0 un millor servei a la ciutadania i ens ajudar\u00e0 a reduir les emissions contaminants\u201d. I ha afegit: \u201cEl Govern Municipal est\u00e0 comprom\u00e8s amb la lluita contra el canvi clim\u00e0tic; promoure l\u2019\u00fas del transport p\u00fablic \u00e9s una de les vies per aconseguir una ciutat m\u00e9s sostenible i, per tant, amb millor qualitat de vida\u201d.<br \/>\n&#8211;<\/p>\n","protected":false},"excerpt":{"rendered":"<p>11\/12\/2020 \u00b7 L\u2019Ajuntament i FGC han arribat a un acord per impulsar el projecte de park&amp;ride al municipi, un edifici<\/p>\n","protected":false},"author":4,"featured_media":32298,"comment_status":"closed","ping_status":"open","sticky":false,"template":"","format":"standard","meta":{"footnotes":""},"categories":[818],"tags":[43,47,73,19,105],"class_list":["post-32296","post","type-post","status-publish","format-standard","has-post-thumbnail","hentry","category-notes-de-premsa","tag-estacions","tag-fgc-ferrocarrils-de-la-generalitat-de-catalunya","tag-generalitat-de-catalunya-territori-i-sostenibilitat","tag-infraestructures","tag-linea-llobregat-anoia","comments-off"],"_links":{"self":[{"href":"https:\/\/www.agrupament.cat\/portal\/wp-json\/wp\/v2\/posts\/32296","targetHints":{"allow":["GET"]}}],"collection":[{"href":"https:\/\/www.agrupament.cat\/portal\/wp-json\/wp\/v2\/posts"}],"about":[{"href":"https:\/\/www.agrupament.cat\/portal\/wp-json\/wp\/v2\/types\/post"}],"author":[{"embeddable":true,"href":"https:\/\/www.agrupament.cat\/portal\/wp-json\/wp\/v2\/users\/4"}],"replies":[{"embeddable":true,"href":"https:\/\/www.agrupament.cat\/portal\/wp-json\/wp\/v2\/comments?post=32296"}],"version-history":[{"count":1,"href":"https:\/\/www.agrupament.cat\/portal\/wp-json\/wp\/v2\/posts\/32296\/revisions"}],"predecessor-version":[{"id":32299,"href":"https:\/\/www.agrupament.cat\/portal\/wp-json\/wp\/v2\/posts\/32296\/revisions\/32299"}],"wp:featuredmedia":[{"embeddable":true,"href":"https:\/\/www.agrupament.cat\/portal\/wp-json\/wp\/v2\/media\/32298"}],"wp:attachment":[{"href":"https:\/\/www.agrupament.cat\/portal\/wp-json\/wp\/v2\/media?parent=32296"}],"wp:term":[{"taxonomy":"category","embeddable":true,"href":"https:\/\/www.agrupament.cat\/portal\/wp-json\/wp\/v2\/categories?post=32296"},{"taxonomy":"post_tag","embeddable":true,"href":"https:\/\/www.agrupament.cat\/portal\/wp-json\/wp\/v2\/tags?post=32296"}],"curies":[{"name":"wp","href":"https:\/\/api.w.org\/{rel}","templated":true}]}}