{"id":32030,"date":"2020-11-27T17:51:53","date_gmt":"2020-11-27T15:51:53","guid":{"rendered":"https:\/\/www.agrupament.cat\/portal\/?p=32030"},"modified":"2020-11-27T17:51:53","modified_gmt":"2020-11-27T15:51:53","slug":"tram-engega-una-llista-musical-collaborativa-per-gaudir-viatjant-en-silenci-al-transport-public","status":"publish","type":"post","link":"https:\/\/www.agrupament.cat\/portal\/2020\/11\/tram-engega-una-llista-musical-collaborativa-per-gaudir-viatjant-en-silenci-al-transport-public\/","title":{"rendered":"TRAM engega una llista musical col\u00b7laborativa per gaudir viatjant en silenci al transport p\u00fablic"},"content":{"rendered":"<p><strong>\u2022El Tramvia de Barcelona ha creat un perfil propi a la plataforma Spotify on les persones usu\u00e0ries podran afegir can\u00e7ons.<\/strong><br \/>\n<strong>\u2022La compilaci\u00f3 \u2018TRAM viatja en silenci\u2019 ha comen\u00e7at amb 10 artistes de l\u2019\u00e0rea metropolitana de Barcelona de diferents estils.<\/strong><\/p>\n<p>Barcelona, 26 de novembre de 2020. \u2013TRAM ha iniciat una llista col\u00b7laborativa a la plataforma de musica digital Spotify per ajudar a les persones usu\u00e0ries a gaudir dels seus viatges en silenci al transport p\u00fablic. La playlist \u2018TRAM viatja en silenci\u2019 s\u2019ha engegat amb 10 cantants de diferents municipis de l\u2019\u00e0rea metropolitana de Barcelona i d\u2019estils musicals diversos: Estopa, Stay Homas, La Folie, Love of Lesbian, Aitana, Manel, Zeidah, Ferran Palau, La Rosal\u00eda i Maria Arnal.<\/p>\n<p>Amb l\u2019objectiu d\u2019amenitzar els viatges en tramvia, que ara es recomana fer en silenci per evitar possibles contagis de COVID-19, el Tramvia de Barcelona anima tant a les persones usu\u00e0ries com a la ciutadania en general a afegir a aquesta llista les seves can\u00e7ons preferides.<\/p>\n<p>La llista col\u00b7laborativa vol millorar l\u2019experi\u00e8ncia de viatge dels usuaris de transport p\u00fablic, que tants canvis han viscut aquest any, ajudant-los a descobrir nous artistes i posant banda sonora als seus despla\u00e7aments.<\/p>\n<p>TRAM recorda que l\u2019\u00fas dels auriculars \u00e9s imprescindible per escoltar m\u00fasica al transport p\u00fablic sense incomodar a la resta del passatge.<\/p>\n<p>Troba i segueix la playlist \u2018TRAM viatja en silenci\u2019 a\u00a0<strong><span style=\"color: #339966;\"><a style=\"color: #339966;\" href=\"https:\/\/open.spotify.com\/playlist\/3SlUMPvN474vFL95O9pcuE?si=Mb3heQo8TBKvSzWCczkYHQ\">https:\/\/open.spotify.com\/playlist\/3SlUMPvN474vFL95O9pcuE?si=Mb3heQo8TBKvSzWCczkYHQ<\/a><\/span><\/strong><\/p>\n","protected":false},"excerpt":{"rendered":"<p>\u2022El Tramvia de Barcelona ha creat un perfil propi a la plataforma Spotify on les persones usu\u00e0ries podran afegir can\u00e7ons.<\/p>\n","protected":false},"author":4,"featured_media":32031,"comment_status":"closed","ping_status":"open","sticky":false,"template":"","format":"standard","meta":{"footnotes":""},"categories":[818],"tags":[57],"class_list":["post-32030","post","type-post","status-publish","format-standard","has-post-thumbnail","hentry","category-notes-de-premsa","tag-tram","comments-off"],"_links":{"self":[{"href":"https:\/\/www.agrupament.cat\/portal\/wp-json\/wp\/v2\/posts\/32030","targetHints":{"allow":["GET"]}}],"collection":[{"href":"https:\/\/www.agrupament.cat\/portal\/wp-json\/wp\/v2\/posts"}],"about":[{"href":"https:\/\/www.agrupament.cat\/portal\/wp-json\/wp\/v2\/types\/post"}],"author":[{"embeddable":true,"href":"https:\/\/www.agrupament.cat\/portal\/wp-json\/wp\/v2\/users\/4"}],"replies":[{"embeddable":true,"href":"https:\/\/www.agrupament.cat\/portal\/wp-json\/wp\/v2\/comments?post=32030"}],"version-history":[{"count":1,"href":"https:\/\/www.agrupament.cat\/portal\/wp-json\/wp\/v2\/posts\/32030\/revisions"}],"predecessor-version":[{"id":32032,"href":"https:\/\/www.agrupament.cat\/portal\/wp-json\/wp\/v2\/posts\/32030\/revisions\/32032"}],"wp:featuredmedia":[{"embeddable":true,"href":"https:\/\/www.agrupament.cat\/portal\/wp-json\/wp\/v2\/media\/32031"}],"wp:attachment":[{"href":"https:\/\/www.agrupament.cat\/portal\/wp-json\/wp\/v2\/media?parent=32030"}],"wp:term":[{"taxonomy":"category","embeddable":true,"href":"https:\/\/www.agrupament.cat\/portal\/wp-json\/wp\/v2\/categories?post=32030"},{"taxonomy":"post_tag","embeddable":true,"href":"https:\/\/www.agrupament.cat\/portal\/wp-json\/wp\/v2\/tags?post=32030"}],"curies":[{"name":"wp","href":"https:\/\/api.w.org\/{rel}","templated":true}]}}