{"id":31929,"date":"2020-11-14T08:00:23","date_gmt":"2020-11-14T06:00:23","guid":{"rendered":"https:\/\/www.agrupament.cat\/portal\/?p=31929"},"modified":"2020-11-22T17:32:24","modified_gmt":"2020-11-22T15:32:24","slug":"el-grupo-caf-a-traves-de-su-filial-solaris-suministrara-a-milan-100-autobuses-electricos-adicionales","status":"publish","type":"post","link":"https:\/\/www.agrupament.cat\/portal\/2020\/11\/el-grupo-caf-a-traves-de-su-filial-solaris-suministrara-a-milan-100-autobuses-electricos-adicionales\/","title":{"rendered":"EL GRUPO CAF, A TRAVES DE SU FILIAL SOLARIS, SUMINISTRAR\u00c1 A MILAN 100 AUTOBUSES ELECTRICOS ADICIONALES"},"content":{"rendered":"<p>13 de noviembre de 2020<br \/>\n<strong>El operador ATM de la ciudad de Mil\u00e1n, ha decidido solicitar a Solaris 100 autobuses el\u00e9ctricos m\u00e1s, en el \u00e1mbito del contrato marco que firmaron ambas empresas a mediados el a\u00f1o pasado, y bajo el cual ya ha sido entregado recientemente un primer lote de 40 autobuses el\u00e9ctricos. De acuerdo con las condiciones del contrato, la filial del Grupo CAF entregar\u00e1 estos 100 nuevos autobuses el\u00e9ctricos Urbino de 12 metros a la capital de la moda italiana en el primer semestre de 2021.<\/strong><\/p>\n<p>El contrato marco con el operador milan\u00e9s contemplaba el suministro de hasta 250 autobuses el\u00e9ctricos en lotes sucesivos, cuya ejecuci\u00f3n no hace sino confirmar las intenciones de la empresa italiana de prescindir de sus actuales autobuses di\u00e9sel para finales del a\u00f1o 2030. La relaci\u00f3n entre Solaris y ATM de Mil\u00e1n comenz\u00f3 en 2014, desde entonces, Solaris ya ha suministrado al este operador 200 veh\u00edculos, entre ellos 25 autobuses el\u00e9ctricos que fueron suministrados en los a\u00f1os 2018 y 2019.<\/p>\n<p>ATM, con sede en Mil\u00e1n, se ha decidido en este caso a favor de la adaptaci\u00f3n personalizada de los autobuses con dos soluciones innovadoras. La primera de ellas, denominada Mobileye Shield +, es un sistema de alerta que utiliza alertas ac\u00fasticas y visuales, avisando de objetos en el punto ciego del conductor, indicando cuando un veh\u00edculo cambia de carril sin se\u00f1alizar de antemano, o se\u00f1alando cuando no se mantiene la distancia apropiada con el veh\u00edculo de delante.<\/p>\n<p>El segundo es sistema, MirrorEye, es una soluci\u00f3n que se implementar\u00e1 a modo de prueba, en uno de los autobuses el\u00e9ctricos para Mil\u00e1n. Esta soluci\u00f3n consiste en sustituir los espejos laterales por c\u00e1maras con el objetivo de garantizar una mejor visibilidad, especialmente de noche y en condiciones meteorol\u00f3gicas adversas.<\/p>\n<p>Solaris llega a su autob\u00fas el\u00e9ctrico n\u00famero 1.000<br \/>\nEl Grupo CAF, se ha convertido en uno de los l\u00edderes del mercado internacional de suministro de autobuses el\u00e9ctricos. Se\u00f1alar que entre este nuevo lote de 100 veh\u00edculos se encontrar\u00e1 el autob\u00fas el\u00e9ctrico no 1.000 fabricado por la filial del Grupo CAF, desde que all\u00e1 por el a\u00f1o 2011 Solaris presentase su primer modelo de autob\u00fas Urbino el\u00e9ctrico de bater\u00eda.<\/p>\n<p>Desde entonces, ya son casi 100 clientes de 18 pa\u00edses los que han elegido los veh\u00edculos el\u00e9ctricos de Solaris para llevar a cabo su servicio de transporte. De hecho, hay que recordar que en el a\u00f1o 2017, el modelo Solaris Urbino el\u00e9ctrico fue elegido el mejor autob\u00fas urbano de Europa.<br \/>\n&#8211;<\/p>\n","protected":false},"excerpt":{"rendered":"<p>13 de noviembre de 2020 El operador ATM de la ciudad de Mil\u00e1n, ha decidido solicitar a Solaris 100 autobuses<\/p>\n","protected":false},"author":4,"featured_media":31930,"comment_status":"closed","ping_status":"open","sticky":false,"template":"","format":"standard","meta":{"footnotes":""},"categories":[818],"tags":[78,1104,1080],"class_list":["post-31929","post","type-post","status-publish","format-standard","has-post-thumbnail","hentry","category-notes-de-premsa","tag-caf","tag-milan","tag-solaris","comments-off"],"_links":{"self":[{"href":"https:\/\/www.agrupament.cat\/portal\/wp-json\/wp\/v2\/posts\/31929","targetHints":{"allow":["GET"]}}],"collection":[{"href":"https:\/\/www.agrupament.cat\/portal\/wp-json\/wp\/v2\/posts"}],"about":[{"href":"https:\/\/www.agrupament.cat\/portal\/wp-json\/wp\/v2\/types\/post"}],"author":[{"embeddable":true,"href":"https:\/\/www.agrupament.cat\/portal\/wp-json\/wp\/v2\/users\/4"}],"replies":[{"embeddable":true,"href":"https:\/\/www.agrupament.cat\/portal\/wp-json\/wp\/v2\/comments?post=31929"}],"version-history":[{"count":1,"href":"https:\/\/www.agrupament.cat\/portal\/wp-json\/wp\/v2\/posts\/31929\/revisions"}],"predecessor-version":[{"id":31931,"href":"https:\/\/www.agrupament.cat\/portal\/wp-json\/wp\/v2\/posts\/31929\/revisions\/31931"}],"wp:featuredmedia":[{"embeddable":true,"href":"https:\/\/www.agrupament.cat\/portal\/wp-json\/wp\/v2\/media\/31930"}],"wp:attachment":[{"href":"https:\/\/www.agrupament.cat\/portal\/wp-json\/wp\/v2\/media?parent=31929"}],"wp:term":[{"taxonomy":"category","embeddable":true,"href":"https:\/\/www.agrupament.cat\/portal\/wp-json\/wp\/v2\/categories?post=31929"},{"taxonomy":"post_tag","embeddable":true,"href":"https:\/\/www.agrupament.cat\/portal\/wp-json\/wp\/v2\/tags?post=31929"}],"curies":[{"name":"wp","href":"https:\/\/api.w.org\/{rel}","templated":true}]}}