{"id":31924,"date":"2020-11-13T08:00:36","date_gmt":"2020-11-13T06:00:36","guid":{"rendered":"https:\/\/www.agrupament.cat\/portal\/?p=31924"},"modified":"2020-11-22T17:21:50","modified_gmt":"2020-11-22T15:21:50","slug":"abalos-destaca-que-el-proyecto-de-pge-2021-presentado-por-el-gobierno-contempla-en-torno-a-2-000-millones-de-euros-para-el-corredor-mediterraneo","status":"publish","type":"post","link":"https:\/\/www.agrupament.cat\/portal\/2020\/11\/abalos-destaca-que-el-proyecto-de-pge-2021-presentado-por-el-gobierno-contempla-en-torno-a-2-000-millones-de-euros-para-el-corredor-mediterraneo\/","title":{"rendered":"\u00c1balos destaca que el proyecto de PGE 2021 presentado por el Gobierno contempla en torno a 2.000 millones de euros para el Corredor Mediterr\u00e1neo"},"content":{"rendered":"<p>Acto empresarial en Valencia<br \/>\n<strong>\u00b7 El ministro ha participado en el acto empresarial, organizado por la Asociaci\u00f3n Valenciana de Empresarios (AVE), \u201cAcelerar el Corredor. Activar todo un pa\u00eds\u201d.<\/strong><br \/>\n<strong>\u00b7 \u00c1balos ha reafirmado el compromiso de este Gobierno con elimpulso al Corredor Mediterr\u00e1neo, as\u00ed como al otro corredor europeo que tiene Espa\u00f1a, el Corredor Atl\u00e1ntico.<\/strong><br \/>\n<strong>\u00b7 Se trata de un proyecto que est\u00e1, adem\u00e1s, \u201calineado con lo que nos pide Europa: lucha contra el cambio clim\u00e1tico, a trav\u00e9s de la descarbonizaci\u00f3n del transporte, y la digitalizaci\u00f3n\u201d.<\/strong><\/p>\n<p>Madrid, 12 de noviembre de 2020 (Mitma)<br \/>\nEl ministro de Transportes, Movilidad y Agenda Urbana, Jos\u00e9 Luis \u00c1balos, ha destacado hoy en Valencia que el proyecto de Presupuestos Generales del Estado para 2021 presentado por el Gobierno contempla 1.982 millones de euros para el Corredor Mediterr\u00e1neo, \u201cun proyecto estrat\u00e9gico y paradigm\u00e1tico\u201d para nuestro pa\u00eds en su conjunto.<\/p>\n<p>\u00c1balos ha reafirmado el compromiso de este Gobierno con el impulso al Corredor Mediterr\u00e1neo, as\u00ed como al otro corredor europeo que tiene Espa\u00f1a, el Corredor Atl\u00e1ntico.<\/p>\n<p>El ministro, que ha participado en el acto empresarial, organizado por la Asociaci\u00f3n Valenciana de Empresarios (AVE), \u201cAcelerar el Corredor.<\/p>\n<p>Activar todo un pa\u00eds\u201d por el Corredor Mediterr\u00e1neo, ha asegurado que se trata de una actuaci\u00f3n que es \u201cuna necesidad para todos\u201d y que, a su juicio, est\u00e1 \u201calineada con lo que nos pide Europa: lucha contra el cambio clim\u00e1tico, a trav\u00e9s de la descarbonizaci\u00f3n del transporte, y la digitalizaci\u00f3n\u201d.<\/p>\n<p>En este sentido, el responsable del Departamento ha subrayado que puntos clave de este proyecto son la conexi\u00f3n ferroviaria de los puertos y centros intermodales y su digitalizaci\u00f3n y las autopistas ferroviarias, que contribuir\u00e1n a conciliar el modo ferroviario y el transporte por carretera.<\/p>\n<p>\u00c1balos ha destacado tambi\u00e9n lo avanzado de las actuaciones previstas y que se est\u00e1 trabajando intensamente de cara a que los trabajos finalicen lo antes posible.<\/p>\n<p>En ese sentido, ha expresado que este a\u00f1o, con los presupuestos que ha planteado este gobierno, hay una gran oportunidad para dar un gran impulso al Corredor Mediterr\u00e1neo, gracias al aporte de los fondos europeos para la reconstrucci\u00f3n.<\/p>\n<p>&nbsp;<\/p>\n","protected":false},"excerpt":{"rendered":"<p>Acto empresarial en Valencia \u00b7 El ministro ha participado en el acto empresarial, organizado por la Asociaci\u00f3n Valenciana de Empresarios<\/p>\n","protected":false},"author":4,"featured_media":10019,"comment_status":"closed","ping_status":"open","sticky":false,"template":"","format":"standard","meta":{"footnotes":""},"categories":[818],"tags":[87,961,69,137],"class_list":["post-31924","post","type-post","status-publish","format-standard","has-post-thumbnail","hentry","category-notes-de-premsa","tag-corredor-del-mediterrani","tag-infraestructuras","tag-mitva-ministerio-de-fomento","tag-valencia","comments-off"],"_links":{"self":[{"href":"https:\/\/www.agrupament.cat\/portal\/wp-json\/wp\/v2\/posts\/31924","targetHints":{"allow":["GET"]}}],"collection":[{"href":"https:\/\/www.agrupament.cat\/portal\/wp-json\/wp\/v2\/posts"}],"about":[{"href":"https:\/\/www.agrupament.cat\/portal\/wp-json\/wp\/v2\/types\/post"}],"author":[{"embeddable":true,"href":"https:\/\/www.agrupament.cat\/portal\/wp-json\/wp\/v2\/users\/4"}],"replies":[{"embeddable":true,"href":"https:\/\/www.agrupament.cat\/portal\/wp-json\/wp\/v2\/comments?post=31924"}],"version-history":[{"count":1,"href":"https:\/\/www.agrupament.cat\/portal\/wp-json\/wp\/v2\/posts\/31924\/revisions"}],"predecessor-version":[{"id":31925,"href":"https:\/\/www.agrupament.cat\/portal\/wp-json\/wp\/v2\/posts\/31924\/revisions\/31925"}],"wp:featuredmedia":[{"embeddable":true,"href":"https:\/\/www.agrupament.cat\/portal\/wp-json\/wp\/v2\/media\/10019"}],"wp:attachment":[{"href":"https:\/\/www.agrupament.cat\/portal\/wp-json\/wp\/v2\/media?parent=31924"}],"wp:term":[{"taxonomy":"category","embeddable":true,"href":"https:\/\/www.agrupament.cat\/portal\/wp-json\/wp\/v2\/categories?post=31924"},{"taxonomy":"post_tag","embeddable":true,"href":"https:\/\/www.agrupament.cat\/portal\/wp-json\/wp\/v2\/tags?post=31924"}],"curies":[{"name":"wp","href":"https:\/\/api.w.org\/{rel}","templated":true}]}}