{"id":31817,"date":"2020-11-19T08:00:56","date_gmt":"2020-11-19T06:00:56","guid":{"rendered":"https:\/\/www.agrupament.cat\/portal\/?p=31817"},"modified":"2020-11-19T19:10:17","modified_gmt":"2020-11-19T17:10:17","slug":"renfe-inicia-una-millora-de-les-andanes-de-lestacio-de-mollet-sant-fost","status":"publish","type":"post","link":"https:\/\/www.agrupament.cat\/portal\/2020\/11\/renfe-inicia-una-millora-de-les-andanes-de-lestacio-de-mollet-sant-fost\/","title":{"rendered":"Renfe inicia una millora de les andanes de l\u2019estaci\u00f3 de Mollet Sant Fost"},"content":{"rendered":"<p>En el marc del Pla d\u2019Estacions de rodalia de Barcelona<br \/>\n<strong>\u00b7 L\u2019import d\u2019adjudicaci\u00f3 supera els 370.000 \u20ac<\/strong><br \/>\n<strong>\u00b7 Allargament i recrescut de l\u2019andana principal per arribar als 200 metres<\/strong><\/p>\n<p>Barcelona, 18 de novemebre 2020 (Renfe)<br \/>\nAl llarg de la setmana vinent, Renfe iniciar\u00e0 un seguit d\u2019actuacions a l\u2019estaci\u00f3 de Mollet Sant Fost consistents en l\u2019allargament i el recrescut d\u2019una de les andanes, una actuaci\u00f3 pr\u00e8via al projecte integral de millora de l\u2019accessibilitat de l\u2019estaci\u00f3, una hist\u00f2rica reivindicaci\u00f3 de l\u2019Ajuntament de Mollet. Pel que fa a aquest projecte integral, \u00e9s licitar\u00e0 les obres durant el primer semestre de l\u2019any vinent despr\u00e9s dels retards provocats per la retirada unilateral de la companyia que havia de realitzar les obres, COMSA S.A.<\/p>\n<p>La propera setmana, iniciaran les actuacions de millora a l\u2019andana principal de l\u2019estaci\u00f3 de Mollet Sant Fost que consistiran b\u00e0sicament en l\u2019allargament per arribar als 200 metres i en l\u2019elevaci\u00f3 de l\u2019andana.<\/p>\n<p>A m\u00e9s, s\u2019executar\u00e0 una reordenaci\u00f3 de l\u2019entrada principal de l\u2019edifici per millorar l\u2019accessibilitat del conjunt que anir\u00e0 acompanyada d\u2019actuacions a l\u2019enllumenat de l\u2019estaci\u00f3 i als espais t\u00e8cnics interiors.<\/p>\n<p>Aquestes actuacions de millora compten amb un pressupost de 370.190,33 euros (sense IVA) i estan previstes que tinguin un termini d\u2019execuci\u00f3 de cinc mesos.<\/p>\n<p><strong>Les actuacions b\u00e0siques consistiran en:<\/strong><br \/>\n\u00b7 Allargament i recrescut de l\u2019andana principal (200 m i 0,68 m)<br \/>\n\u00b7 Instal\u00b7laci\u00f3 de sistema LED d\u2019il\u00b7luminaci\u00f3.<br \/>\n\u00b7 Reordenaci\u00f3 encaminaments al vest\u00edbul i les andanes<\/p>\n<p><strong>Projecte integral de millora de l\u2019accessibilitat de l\u2019estaci\u00f3 de Sant Fost<\/strong><br \/>\nJosep Monr\u00e0s, alcalde de Mollet del Vall\u00e8s, \u201cMe n\u2019alegro que es comencin a fer actuacions d\u2019accessibilitat a l\u2019estaci\u00f3 de Mollet Sant Fost, que s\u00f3n del tot necess\u00e0ries. I tamb\u00e9 l\u2019anuncio que els propers mesos es tornar\u00e0 a licitar el projecte de millora de l\u2019accessibilitat a l\u2019estaci\u00f3 i l\u2019increment de la seguretat una reivindicaci\u00f3 hist\u00f2rica de la ciutat a la que no hem renunciat mai\u201d.<\/p>\n<p>Al marge de les obres pr\u00e8vies que comen\u00e7aran la setmana vinent, Renfe licitar\u00e0 durant el primer semestre de l\u2019any vinent el projecte integral de millora que es dur\u00e0 a terme a l\u2019estaci\u00f3 de Mollet Sant Fost.<\/p>\n<p><strong>Aix\u00ed ho ha fet saber la companyia ferrovi\u00e0ria despr\u00e9s dels retards que en el seu moment van provocar la retirada unilateral de Comsa S.A. que era qui havia de realitzar les actuacions adjudicades. Una retirada que va obligar a realitzar un nou projecte que en aquests moments inclou:<\/strong><br \/>\n\u00b7 Renovaci\u00f3 i modernitzaci\u00f3 del vest\u00edbul<br \/>\n\u00b7 Construcci\u00f3 d\u2019un pas inferior amb ascensors a ambdues andanes.<br \/>\n\u00b7 Recrescut d\u2019andanes i prolongaci\u00f3 fins a 200 metres, el que possibilitar\u00e0 l\u2019acc\u00e9s al tren des de l\u2019andana<br \/>\n\u00b7 Substituci\u00f3 de la il\u00b7luminaci\u00f3 existent a les andanes<br \/>\n\u00b7 Urbanitzaci\u00f3 d\u2019accessos<br \/>\n\u00b7 Instal\u00b7laci\u00f3 de noves marquesines que cobreixin l\u2019acc\u00e9s als ascensors i les escales<\/p>\n<p>En conjunt, l\u2019actuaci\u00f3 tamb\u00e9 comportar\u00e0 la renovaci\u00f3 i modernitzaci\u00f3 de l\u2019edifici de l\u2019estaci\u00f3.<\/p>\n<p>Totes aquestes actuacions, llargament reivindicades per l\u2019Ajuntament de Mollet, permetran adequar les instal\u00b7lacions a les necessitats dels m\u00e9s de 10.000 viatgers que di\u00e0riament utilitzaven aquesta estaci\u00f3 abans de la Covid-19.<\/p>\n","protected":false},"excerpt":{"rendered":"<p>En el marc del Pla d\u2019Estacions de rodalia de Barcelona \u00b7 L\u2019import d\u2019adjudicaci\u00f3 supera els 370.000 \u20ac \u00b7 Allargament i<\/p>\n","protected":false},"author":4,"featured_media":0,"comment_status":"closed","ping_status":"open","sticky":false,"template":"","format":"standard","meta":{"footnotes":""},"categories":[818],"tags":[1096,43,19,209,941,965],"class_list":["post-31817","post","type-post","status-publish","format-standard","hentry","category-notes-de-premsa","tag-andanes","tag-estacions","tag-infraestructures","tag-mollet-sant-fost","tag-renfe","tag-rodalies-cercanias-3","comments-off"],"_links":{"self":[{"href":"https:\/\/www.agrupament.cat\/portal\/wp-json\/wp\/v2\/posts\/31817","targetHints":{"allow":["GET"]}}],"collection":[{"href":"https:\/\/www.agrupament.cat\/portal\/wp-json\/wp\/v2\/posts"}],"about":[{"href":"https:\/\/www.agrupament.cat\/portal\/wp-json\/wp\/v2\/types\/post"}],"author":[{"embeddable":true,"href":"https:\/\/www.agrupament.cat\/portal\/wp-json\/wp\/v2\/users\/4"}],"replies":[{"embeddable":true,"href":"https:\/\/www.agrupament.cat\/portal\/wp-json\/wp\/v2\/comments?post=31817"}],"version-history":[{"count":1,"href":"https:\/\/www.agrupament.cat\/portal\/wp-json\/wp\/v2\/posts\/31817\/revisions"}],"predecessor-version":[{"id":31818,"href":"https:\/\/www.agrupament.cat\/portal\/wp-json\/wp\/v2\/posts\/31817\/revisions\/31818"}],"wp:attachment":[{"href":"https:\/\/www.agrupament.cat\/portal\/wp-json\/wp\/v2\/media?parent=31817"}],"wp:term":[{"taxonomy":"category","embeddable":true,"href":"https:\/\/www.agrupament.cat\/portal\/wp-json\/wp\/v2\/categories?post=31817"},{"taxonomy":"post_tag","embeddable":true,"href":"https:\/\/www.agrupament.cat\/portal\/wp-json\/wp\/v2\/tags?post=31817"}],"curies":[{"name":"wp","href":"https:\/\/api.w.org\/{rel}","templated":true}]}}