{"id":31612,"date":"2020-10-13T21:00:01","date_gmt":"2020-10-13T19:00:01","guid":{"rendered":"https:\/\/www.agrupament.cat\/portal\/?p=31612"},"modified":"2020-10-14T09:50:20","modified_gmt":"2020-10-14T07:50:20","slug":"informacio-de-servei-18-30-via-unica-sitges-vilanova","status":"publish","type":"post","link":"https:\/\/www.agrupament.cat\/portal\/2020\/10\/informacio-de-servei-18-30-via-unica-sitges-vilanova\/","title":{"rendered":"Informaci\u00f3 de servei 18.30 &#8211; Via \u00fanica Sitges &#8211; Vilanova"},"content":{"rendered":"<p>dt., 13 d\u2019oct.<br \/>\n<strong>Des de les 09.40 hores de diumenge un esvoranc a una de les vies del tram Sitges-Vilanova obliga a circular en via \u00fanica en aquest tram, el que afecta els trens de les l\u00ednies R2 sud i serveis de Regionals R13, R14, R15, R16 i R17.<\/strong><\/p>\n<p>L&#8217;evoluci\u00f3 de les tasques de reparaci\u00f3 que est\u00e0 duent a terme Adif fan preveure els seus t\u00e8cnics que la circulaci\u00f3 per les dues vies al trajecte Sitges &#8211; Vilanova es pugui recuperar a l&#8217;inici del servei de dem\u00e0, el que permetria restablir l&#8217;oferta habitual a les l\u00ednies afectades. Es podria produir nom\u00e9s algun retard puntual degut a la limitaci\u00f3 de velocitat que estableixi l&#8217;Administrador.<\/p>\n<p>NO OBSTANT, degut a la complexitat dels treballs, Renfe mantindr\u00e0 el dispositiu d&#8217;autocars per si no es pogu\u00e9s restablir tal i com est\u00e0 previst.<\/p>\n<p><strong>D&#8217;aquesta manera, si nom\u00e9s es circula per via \u00fanica, Renfe mantindra la programaci\u00f3 d&#8217;avui amb el servei complementari d&#8217;autobusos a Vilanova. Avui l&#8217;oferta s&#8217;ha prestat de la seg\u00fcent manera:<\/strong><br \/>\n&#8211; Trens R2 sud: els trens que habitualment inicien o finalitzen el servei a Vilanova o fan a Sitges. Puntualment i en funci\u00f3 de com evolucioni el servei alguns trens realitzen el seu recorregut habitual. En tot moment s\u2019est\u00e0 informant en temps real als nostres clients.<\/p>\n<p><strong>D\u2019aquesta manera l\u2019oferta de forma gen\u00e8rica que es presta \u00e9s:<\/strong><br \/>\n\u00b7 Sitges \u2013 Barcelona: Quatre trens per hora i sentit<br \/>\n\u00b7 Sant Vicen\u00e7 de Calders \u2013 Vilanova-Barcelona: Dos serveis per hora i sentit.<br \/>\n&#8211; Serveis Regionals R13, R14, R15, R16 i R17: Oferta habitual<\/p>\n<p>Malgrat l\u2019esfor\u00e7 dels t\u00e8cnics de Renfe per minimitzar aquesta incid\u00e8ncia que afecta les instal\u00b7lacions, puntualment es podria produir algun retard en els trens que circulen per aquesta via \u00fanica.<\/p>\n<p>A m\u00e9s Renfe ha habilitat un servei d\u2019autobusos que s\u2019activaria entre Vilanova i Sitges per garantir la mobilitat dels nostres viatgers aix\u00ed com personal d&#8217;informaci\u00f3 i atenci\u00f3 al client.<\/p>\n<p>Des d\u2019un primer moment i donada les caracter\u00edstiques de l\u2019esvoranc, Renfe ha treballat en informar de les afectacions i paral\u00b7lelament en dissenyar una modificaci\u00f3 de servei adient a la situaci\u00f3 de limitaci\u00f3 de la capacitat operativa. D\u2019aquesta manera s\u2019ha reprogramat el servei de la l\u00ednia R2 sud i ja s\u2019ha previst aquest servei complementari per carretera per si fos necessari.<\/p>\n<p>Pel que fa als trens de mercaderies, si es recupera la circulaci\u00f3 per les dues vies es podr\u00e0 reprendre el tr\u00e0nsit habitual i en cas de mantenir la situaci\u00f3 de via \u00fanica circularien un tren per hora i sentit a partir de les 10.00<\/p>\n<p><strong>Renfe est\u00e0 informant d&#8217;aquesta situaci\u00f3 a trav\u00e9s dels seus canals de comunicaci\u00f3 habituals.<\/strong><\/p>\n","protected":false},"excerpt":{"rendered":"<p>dt., 13 d\u2019oct. Des de les 09.40 hores de diumenge un esvoranc a una de les vies del tram Sitges-Vilanova<\/p>\n","protected":false},"author":4,"featured_media":0,"comment_status":"closed","ping_status":"open","sticky":false,"template":"","format":"standard","meta":{"footnotes":""},"categories":[818],"tags":[17,141,72,380,155],"class_list":["post-31612","post","type-post","status-publish","format-standard","hentry","category-notes-de-premsa","tag-afectacions-e-incidencies","tag-r02-sant-vicenc-de-calders-a-estacio-de-franca-castelldefels-a-granollers-centre-aeroport-barcelona-a-macanet-massanes","tag-renfe-operadora","tag-sitges","tag-vilanova-i-la-geltru","comments-off"],"_links":{"self":[{"href":"https:\/\/www.agrupament.cat\/portal\/wp-json\/wp\/v2\/posts\/31612","targetHints":{"allow":["GET"]}}],"collection":[{"href":"https:\/\/www.agrupament.cat\/portal\/wp-json\/wp\/v2\/posts"}],"about":[{"href":"https:\/\/www.agrupament.cat\/portal\/wp-json\/wp\/v2\/types\/post"}],"author":[{"embeddable":true,"href":"https:\/\/www.agrupament.cat\/portal\/wp-json\/wp\/v2\/users\/4"}],"replies":[{"embeddable":true,"href":"https:\/\/www.agrupament.cat\/portal\/wp-json\/wp\/v2\/comments?post=31612"}],"version-history":[{"count":1,"href":"https:\/\/www.agrupament.cat\/portal\/wp-json\/wp\/v2\/posts\/31612\/revisions"}],"predecessor-version":[{"id":31613,"href":"https:\/\/www.agrupament.cat\/portal\/wp-json\/wp\/v2\/posts\/31612\/revisions\/31613"}],"wp:attachment":[{"href":"https:\/\/www.agrupament.cat\/portal\/wp-json\/wp\/v2\/media?parent=31612"}],"wp:term":[{"taxonomy":"category","embeddable":true,"href":"https:\/\/www.agrupament.cat\/portal\/wp-json\/wp\/v2\/categories?post=31612"},{"taxonomy":"post_tag","embeddable":true,"href":"https:\/\/www.agrupament.cat\/portal\/wp-json\/wp\/v2\/tags?post=31612"}],"curies":[{"name":"wp","href":"https:\/\/api.w.org\/{rel}","templated":true}]}}