{"id":31607,"date":"2020-10-13T10:20:51","date_gmt":"2020-10-13T08:20:51","guid":{"rendered":"https:\/\/www.agrupament.cat\/portal\/?p=31607"},"modified":"2020-10-21T12:31:34","modified_gmt":"2020-10-21T10:31:34","slug":"via-unica-sitges-vilanvoa","status":"publish","type":"post","link":"https:\/\/www.agrupament.cat\/portal\/2020\/10\/via-unica-sitges-vilanvoa\/","title":{"rendered":"Via \u00fanica Sitges &#8211; Vilanova"},"content":{"rendered":"<p>12 d\u2019oct.\u00a0<strong>Des de les 09.40 d\u2019ahir un esvoranc a una de les vies del tram Sitges-Vilanova obliga a circular en via \u00fanica en aquest tram, el que afecta els trens de les l\u00ednies R2 sud i serveis de Regionals R13, R14, R15, R16 i R17.<\/strong><\/p>\n<p><strong>Els t\u00e8cnics d\u2019Adif durant l\u2019evoluci\u00f3 de les tasques de reparaci\u00f3 han ampliat la previsi\u00f3 de restabliment per dimecres al mat\u00ed.<\/strong><\/p>\n<p>En funci\u00f3 d\u2019aquesta informaci\u00f3, Renfe ha decidit establir una nova programaci\u00f3 que permeti mantenir el servei minimitzant l\u2019afectaci\u00f3 als clients i que principalment mant\u00e9 el q s\u2019ha fet durant el dia d\u2019avui.<\/p>\n<p>&#8211; Trens R2 sud: els trens que habitualment inicien o finalitzen el servei a Vilanova o fan a Sitges. Puntualment i en funci\u00f3 de com evolucioni el servei alguns trens prestaran el servei normal. En tot moment s\u2019informar\u00e0 en temps real als nostres clients.<\/p>\n<p><strong>D\u2019aquesta manera l\u2019oferta de forma gen\u00e8rica que es presta \u00e9s:<\/strong><br \/>\n&#8211; Sitges \u2013 Barcelona: Quatre trens per hora i sentit<br \/>\n&#8211; Sant Vicen\u00e7 de Calders \u2013 Vilanova-Barcelona: Dos serveis per hora i sentit.<br \/>\n&#8211; Serveis Regionals R13, R14, R15, R16 i R17: Oferta habitual<\/p>\n<p>Malgrat l\u2019esfor\u00e7 dels t\u00e8cnics de Renfe per minimitzar aquesta incid\u00e8ncia que afecta les instal\u00b7lacions, puntualment es podria produir algun retard en els trens que circulen per aquesta via \u00fanica.<\/p>\n<p>A m\u00e9s Renfe ha habilitat un servei d\u2019autobusos que s\u2019activaria entre Vilanova i Sitges per garantir la mobilitat dels nostres viatgers aix\u00ed com personal d&#8217;informaci\u00f3 i atenci\u00f3 al client.<\/p>\n<p>Des d\u2019un primer moment i donada les caracter\u00edstiques de l\u2019esvoranc, Renfe ha treballat en informar de les afectacions i paral\u00b7lelament en dissenyar una modificaci\u00f3 de servei adient a la situaci\u00f3 de limitaci\u00f3 de la capacitat operativa. D\u2019aquesta manera s\u2019ha reprogramat el servei de la l\u00ednia R2 sud i ja s\u2019ha previst aquest servei complementari per carretera per si fos necessari.<\/p>\n<p>Pel que fa al tr\u00e0nsit de mercaderies, Adif no autoritza el pas de mercaderies fins les 10.00, i a partir d\u2019aquesta hora 1 tren per hora i sentit i sempre en funci\u00f3 de l\u2019afectaci\u00f3 q es pugui produir als serveis de Rodalies.<\/p>\n<p>Renfe est\u00e0 informant d&#8217;aquesta situaci\u00f3 a trav\u00e9s dels seus canals de comunicaci\u00f3 habituals.<\/p>\n","protected":false},"excerpt":{"rendered":"<p>12 d\u2019oct.\u00a0Des de les 09.40 d\u2019ahir un esvoranc a una de les vies del tram Sitges-Vilanova obliga a circular en<\/p>\n","protected":false},"author":4,"featured_media":0,"comment_status":"closed","ping_status":"open","sticky":false,"template":"","format":"standard","meta":{"footnotes":""},"categories":[818],"tags":[17,141,72,44,380,155],"class_list":["post-31607","post","type-post","status-publish","format-standard","hentry","category-notes-de-premsa","tag-afectacions-e-incidencies","tag-r02-sant-vicenc-de-calders-a-estacio-de-franca-castelldefels-a-granollers-centre-aeroport-barcelona-a-macanet-massanes","tag-renfe-operadora","tag-rodalies-cercanias","tag-sitges","tag-vilanova-i-la-geltru","comments-off"],"_links":{"self":[{"href":"https:\/\/www.agrupament.cat\/portal\/wp-json\/wp\/v2\/posts\/31607","targetHints":{"allow":["GET"]}}],"collection":[{"href":"https:\/\/www.agrupament.cat\/portal\/wp-json\/wp\/v2\/posts"}],"about":[{"href":"https:\/\/www.agrupament.cat\/portal\/wp-json\/wp\/v2\/types\/post"}],"author":[{"embeddable":true,"href":"https:\/\/www.agrupament.cat\/portal\/wp-json\/wp\/v2\/users\/4"}],"replies":[{"embeddable":true,"href":"https:\/\/www.agrupament.cat\/portal\/wp-json\/wp\/v2\/comments?post=31607"}],"version-history":[{"count":2,"href":"https:\/\/www.agrupament.cat\/portal\/wp-json\/wp\/v2\/posts\/31607\/revisions"}],"predecessor-version":[{"id":31637,"href":"https:\/\/www.agrupament.cat\/portal\/wp-json\/wp\/v2\/posts\/31607\/revisions\/31637"}],"wp:attachment":[{"href":"https:\/\/www.agrupament.cat\/portal\/wp-json\/wp\/v2\/media?parent=31607"}],"wp:term":[{"taxonomy":"category","embeddable":true,"href":"https:\/\/www.agrupament.cat\/portal\/wp-json\/wp\/v2\/categories?post=31607"},{"taxonomy":"post_tag","embeddable":true,"href":"https:\/\/www.agrupament.cat\/portal\/wp-json\/wp\/v2\/tags?post=31607"}],"curies":[{"name":"wp","href":"https:\/\/api.w.org\/{rel}","templated":true}]}}