{"id":31523,"date":"2020-10-01T10:15:32","date_gmt":"2020-10-01T08:15:32","guid":{"rendered":"https:\/\/www.agrupament.cat\/portal\/?p=31523"},"modified":"2020-10-01T10:15:32","modified_gmt":"2020-10-01T08:15:32","slug":"adif-invierte-cerca-de-20-me-en-la-modernizacion-de-las-instalaciones-de-seguridad-en-la-linea-silla-cullera-gandia-esta-actuacion-esta-incluida-en-el-plan-de-cercanias-de-la-comunitat-valenciana","status":"publish","type":"post","link":"https:\/\/www.agrupament.cat\/portal\/2020\/10\/adif-invierte-cerca-de-20-me-en-la-modernizacion-de-las-instalaciones-de-seguridad-en-la-linea-silla-cullera-gandia-esta-actuacion-esta-incluida-en-el-plan-de-cercanias-de-la-comunitat-valenciana\/","title":{"rendered":"Adif invierte cerca de 20 M\u20ac en la modernizaci\u00f3n de las instalaciones de seguridad en la l\u00ednea Silla-Cullera-Gand\u00eda Esta actuaci\u00f3n est\u00e1 incluida en el Plan de Cercan\u00edas de la Comunitat Valenciana"},"content":{"rendered":"<p>L\u00ednea C-1 de la red de Cercan\u00edas de Valencia<br \/>\n30\/09\/2020. <strong>El Consejo de Administraci\u00f3n de Adif ha adjudicado, por 19.929.497,01 euros (IVA incluido), las obras para la renovaci\u00f3n y mejora de las instalaciones de seguridad del trayecto Silla-Cullera-Gand\u00eda, de la red de Cercan\u00edas de Valencia (l\u00ednea C-1). Esta adjudicaci\u00f3n forma parte de las inversiones previstas en el Plan de Cercan\u00edas de la Comunitat Valenciana.<\/strong><\/p>\n<p>El contrato ha sido adjudicado por a CAF Signalling, con un plazo de ejecuci\u00f3n de 18 meses.<\/p>\n<p>El objetivo de esta actuaci\u00f3n es aumentar la capacidad, regularidad y fiabilidad de la explotaci\u00f3n ferroviaria en este trayecto de cerca de 51 km, mejorando de forma significativa sus prestaciones y la calidad del servicio para los usuarios.<\/p>\n<p>El contrato comprende, entre otras actuaciones, la instalaci\u00f3n del sistema de Bloqueo Autom\u00e1tico Banalizado (BAB), que permite la circulaci\u00f3n de trenes por tramos de v\u00eda doble indistintamente por cualquiera de las v\u00edas y sentido, entre Silla y Cullera. Tambi\u00e9n incluye la renovaci\u00f3n de las instalaciones en el trayecto Cullera-Gand\u00eda. Las instalaciones incluidas en el proyecto son sistemas de se\u00f1alizaci\u00f3n y de comunicaciones fijas y m\u00f3viles, as\u00ed como el Control de Tr\u00e1fico<\/p>\n<p>Centralizado (CTC) de Valencia, suministro de energ\u00eda, edificios t\u00e9cnicos y obras auxiliares.<\/p>\n<p><strong>Principales operaciones<\/strong><br \/>\nEntre las principales operaciones, destaca la instalaci\u00f3n de nuevos enclavamientos electr\u00f3nicos (sistemas inform\u00e1ticos telemandados desde un punto central que gestionan de forma autom\u00e1tica el tr\u00e1fico en estaciones y trayectos) en las estaciones de Sollana, Sueca, Cullera, Tavernes, Xeraco y Gand\u00eda Mercanc\u00edas. Este \u00faltimo controlar\u00e1 adem\u00e1s las estaciones de Gand\u00eda Viajeros y Gand\u00eda Playa y la integraci\u00f3n de estos en el CTC de Valencia.<\/p>\n<p>Asimismo, se adaptar\u00e1n los equipamientos de campo en la v\u00eda y el bloqueo al nuevo programa de explotaci\u00f3n, se instalar\u00e1n contadores de ejes para la detecci\u00f3n de trenes y se colocar\u00e1 nueva se\u00f1alizaci\u00f3n lateral para la futura inclusi\u00f3n del sistema ERTMS en su nivel 2.<\/p>\n<p>Por otro lado, se reforzar\u00e1 la red de alimentaci\u00f3n el\u00e9ctrica a los equipos de se\u00f1alizaci\u00f3n dot\u00e1ndola, adem\u00e1s, de Sistemas de Alimentaci\u00f3n Ininterrumpida (SAI).<\/p>\n<p>Respecto a las telecomunicaciones, se dispondr\u00e1n nuevas redes de fibra \u00f3ptica y de tecnolog\u00eda IP, renovando todo el sistema de gesti\u00f3n de alarmas.<\/p>\n<p>Por \u00faltimo, otros trabajos complementarios comprender\u00e1n la ejecuci\u00f3n de canaletas para las redes de cableado y la rehabilitaci\u00f3n y acondicionamiento de salas t\u00e9cnicas, la ampliaci\u00f3n del edificio t\u00e9cnico situado en Sollana y la construcci\u00f3n de otros nuevos en Xeraco y Tavernes.<\/p>\n<p>Adicionalmente, hay que recordar que se encuentra en marcha la redacci\u00f3n del proyecto correspondiente a la renovaci\u00f3n de v\u00eda y catenaria en el tramo entre Silla y Cullera, as\u00ed como el correspondiente a la duplicaci\u00f3n de v\u00eda y electrificaci\u00f3n en el tramo comprendido entre Cullera y Gand\u00eda.<\/p>\n<p>Todas estas actuaciones constituyen un paso previo para poder dar continuidad a la l\u00ednea que prev\u00e9 su prolongaci\u00f3n en el denominado Tren de la Costa.<\/p>\n<p>Estos trabajos contribuyen a la consecuci\u00f3n de los Objetivos de Desarrollo Sostenible, concretamente al ODS 9 (Industria, Innovaci\u00f3n e Infraestructura), al ODS 3 (Seguridad y Salud), al ODS 11 (Ciudades y Comunidades sostenibles) y al ODS 17 (Alianzas para lograr los objetivos).<\/p>\n<p><strong>Inversiones en la provincia de Valencia<\/strong><br \/>\nLas inversiones ejecutadas por Adif desde 2018 en la provincia de Valencia ascienden a m\u00e1s de 46 M\u20ac (IVA incluido), que se han distribuido en distintas partidas, de las cuales destacan las destinadas a la mejora de la red de Cercan\u00edas, apartaderos y renovaci\u00f3n de v\u00eda entre Sagunto y Teruel, actuaciones diversas sobre la infraestructura y mercanc\u00edas, as\u00ed como trabajos relacionados con el Corredor Mediterr\u00e1neo.<\/p>\n<p><strong>Financiaci\u00f3n europea<\/strong><br \/>\nPodr\u00e1 ser cofinanciado por el Mecanismo \u201cConectar Europa\u201d (CEF).<\/p>\n<p>\u201cUna manera de hacer Europa\u201d<\/p>\n","protected":false},"excerpt":{"rendered":"<p>L\u00ednea C-1 de la red de Cercan\u00edas de Valencia 30\/09\/2020. El Consejo de Administraci\u00f3n de Adif ha adjudicado, por 19.929.497,01<\/p>\n","protected":false},"author":4,"featured_media":0,"comment_status":"closed","ping_status":"open","sticky":false,"template":"","format":"standard","meta":{"footnotes":""},"categories":[818],"tags":[71,78,961,44,137],"class_list":["post-31523","post","type-post","status-publish","format-standard","hentry","category-notes-de-premsa","tag-adif","tag-caf","tag-infraestructuras","tag-rodalies-cercanias","tag-valencia","comments-off"],"_links":{"self":[{"href":"https:\/\/www.agrupament.cat\/portal\/wp-json\/wp\/v2\/posts\/31523","targetHints":{"allow":["GET"]}}],"collection":[{"href":"https:\/\/www.agrupament.cat\/portal\/wp-json\/wp\/v2\/posts"}],"about":[{"href":"https:\/\/www.agrupament.cat\/portal\/wp-json\/wp\/v2\/types\/post"}],"author":[{"embeddable":true,"href":"https:\/\/www.agrupament.cat\/portal\/wp-json\/wp\/v2\/users\/4"}],"replies":[{"embeddable":true,"href":"https:\/\/www.agrupament.cat\/portal\/wp-json\/wp\/v2\/comments?post=31523"}],"version-history":[{"count":1,"href":"https:\/\/www.agrupament.cat\/portal\/wp-json\/wp\/v2\/posts\/31523\/revisions"}],"predecessor-version":[{"id":31524,"href":"https:\/\/www.agrupament.cat\/portal\/wp-json\/wp\/v2\/posts\/31523\/revisions\/31524"}],"wp:attachment":[{"href":"https:\/\/www.agrupament.cat\/portal\/wp-json\/wp\/v2\/media?parent=31523"}],"wp:term":[{"taxonomy":"category","embeddable":true,"href":"https:\/\/www.agrupament.cat\/portal\/wp-json\/wp\/v2\/categories?post=31523"},{"taxonomy":"post_tag","embeddable":true,"href":"https:\/\/www.agrupament.cat\/portal\/wp-json\/wp\/v2\/tags?post=31523"}],"curies":[{"name":"wp","href":"https:\/\/api.w.org\/{rel}","templated":true}]}}