{"id":31501,"date":"2020-09-29T08:00:17","date_gmt":"2020-09-29T06:00:17","guid":{"rendered":"https:\/\/www.agrupament.cat\/portal\/?p=31501"},"modified":"2020-09-30T11:35:14","modified_gmt":"2020-09-30T09:35:14","slug":"les-obres-de-millora-de-laccessibilitat-de-lintercanviador-de-maragall-l4-i-l5-comporten-el-tancament-del-vestibul-de-ll4","status":"publish","type":"post","link":"https:\/\/www.agrupament.cat\/portal\/2020\/09\/les-obres-de-millora-de-laccessibilitat-de-lintercanviador-de-maragall-l4-i-l5-comporten-el-tancament-del-vestibul-de-ll4\/","title":{"rendered":"Les obres de millora de l&#8217;accessibilitat de l&#8217;intercanviador de Maragall (L4 i L5) comporten el tancament del vest\u00edbul de l&#8217;L4"},"content":{"rendered":"<p>28\/09\/2020<br \/>\n<strong>Els treballs, amb una inversi\u00f3 de prop d\u201911 MEUR, requereixen l\u2019ocupaci\u00f3 del vest\u00edbul fins la tardor de l\u2019any que ve<\/strong><\/p>\n<p><strong>Les persones comptaran amb el vest\u00edbul de l\u2019L5 de Ramon Alb\u00f3 i el passad\u00eds de correspond\u00e8ncia<\/strong><br \/>\nLes obres de millora de l\u2019accessibilitat de l\u2019intercanviador de metro de Maragall (L4 i L5) comporten des d\u2019avui el tancament del vest\u00edbul de l\u2019L4 de Ronda Guinard\u00f3. D\u2019aquesta manera, per accedir a l\u2019L4, les persones usu\u00e0ries disposaran del vest\u00edbul de l\u2019L5 de Ramon Alb\u00f3 i el passad\u00eds de correspond\u00e8ncia. Aquesta situaci\u00f3 es mantindr\u00e0 fins la tardor de 2021.<\/p>\n<p>El Departament de Territori i Sostenibilitat va iniciar el gener passat les obres que permetran adaptar la instal\u00b7laci\u00f3 a persones amb mobilitat redu\u00efda, amb una inversi\u00f3 de prop d\u201911 MEUR. Els treballs consisteixen principalment en la instal\u00b7laci\u00f3 d\u2019ascensors, la formaci\u00f3 d\u2019un vest\u00edbul nou a l\u2019estaci\u00f3 de l\u2019L4 i la millora dels recorreguts de correspond\u00e8ncia. Aquesta obra, que compta amb finan\u00e7ament FEDER, finalitzar\u00e0 durant el 2022.<\/p>\n<p><strong>Afectacions al tr\u00e0nsit a la ronda Guinard\u00f3<\/strong><br \/>\nD\u2019altra banda, cal recordar que l\u2019execuci\u00f3 de les obres comporta l\u2019ocupaci\u00f3, des de principis d\u2019aquest mes i fins al desembre vinent, de dos carrils de la Ronda Guinard\u00f3 per als treballs d\u2019obra civil del vest\u00edbul de l\u2019L4. En concret, s\u2019ocupa el costat muntanya i es mantenen els 2 carrils costat mar en sentit Bes\u00f2s.<\/p>\n","protected":false},"excerpt":{"rendered":"<p>28\/09\/2020 Els treballs, amb una inversi\u00f3 de prop d\u201911 MEUR, requereixen l\u2019ocupaci\u00f3 del vest\u00edbul fins la tardor de l\u2019any que<\/p>\n","protected":false},"author":4,"featured_media":29174,"comment_status":"closed","ping_status":"open","sticky":false,"template":"","format":"standard","meta":{"footnotes":""},"categories":[818],"tags":[17,43,73,19,157,830,56],"class_list":["post-31501","post","type-post","status-publish","format-standard","has-post-thumbnail","hentry","category-notes-de-premsa","tag-afectacions-e-incidencies","tag-estacions","tag-generalitat-de-catalunya-territori-i-sostenibilitat","tag-infraestructures","tag-l04-trinitat-nova-la-pau","tag-suspensio-del-servei","tag-metro-barcelona-tmb","comments-off"],"_links":{"self":[{"href":"https:\/\/www.agrupament.cat\/portal\/wp-json\/wp\/v2\/posts\/31501","targetHints":{"allow":["GET"]}}],"collection":[{"href":"https:\/\/www.agrupament.cat\/portal\/wp-json\/wp\/v2\/posts"}],"about":[{"href":"https:\/\/www.agrupament.cat\/portal\/wp-json\/wp\/v2\/types\/post"}],"author":[{"embeddable":true,"href":"https:\/\/www.agrupament.cat\/portal\/wp-json\/wp\/v2\/users\/4"}],"replies":[{"embeddable":true,"href":"https:\/\/www.agrupament.cat\/portal\/wp-json\/wp\/v2\/comments?post=31501"}],"version-history":[{"count":1,"href":"https:\/\/www.agrupament.cat\/portal\/wp-json\/wp\/v2\/posts\/31501\/revisions"}],"predecessor-version":[{"id":31502,"href":"https:\/\/www.agrupament.cat\/portal\/wp-json\/wp\/v2\/posts\/31501\/revisions\/31502"}],"wp:featuredmedia":[{"embeddable":true,"href":"https:\/\/www.agrupament.cat\/portal\/wp-json\/wp\/v2\/media\/29174"}],"wp:attachment":[{"href":"https:\/\/www.agrupament.cat\/portal\/wp-json\/wp\/v2\/media?parent=31501"}],"wp:term":[{"taxonomy":"category","embeddable":true,"href":"https:\/\/www.agrupament.cat\/portal\/wp-json\/wp\/v2\/categories?post=31501"},{"taxonomy":"post_tag","embeddable":true,"href":"https:\/\/www.agrupament.cat\/portal\/wp-json\/wp\/v2\/tags?post=31501"}],"curies":[{"name":"wp","href":"https:\/\/api.w.org\/{rel}","templated":true}]}}