{"id":31435,"date":"2020-09-15T12:02:09","date_gmt":"2020-09-15T10:02:09","guid":{"rendered":"https:\/\/www.agrupament.cat\/portal\/?p=31435"},"modified":"2020-09-15T12:02:09","modified_gmt":"2020-09-15T10:02:09","slug":"los-impulsores-del-tren-nocturno-de-pasajeros-y-mercancias-se-preparan-para-iniciar-pruebas","status":"publish","type":"post","link":"https:\/\/www.agrupament.cat\/portal\/2020\/09\/los-impulsores-del-tren-nocturno-de-pasajeros-y-mercancias-se-preparan-para-iniciar-pruebas\/","title":{"rendered":"Los impulsores del tren nocturno de pasajeros y mercanc\u00edas se preparan para iniciar pruebas"},"content":{"rendered":"<p>14 de septiembre de 2020<br \/>\n<strong>Los promotores de Lunatrain est\u00e1n en contacto con Renfe para alquilar material rodante de Talgo para el prototipo que circular\u00e1 entre Barcelona y Frankfurt<\/strong><\/p>\n<p>El proyecto de tren nocturno de car\u00e1cter mixto de pasajeros y mercanc\u00edas ha finalizado su estudio de viabilidad, cuyos resultados ser\u00e1n presentados de forma oficial en los pr\u00f3ximos meses. As\u00ed lo ha confirmado \u2018Objetivo tren de noche\u2019 (Lunatrain), la asociaci\u00f3n impulsora de esta iniciativa, que pretende revitalizar el tr\u00e1fico ferroviario nocturno con la particularidad de asociar coches con camas y vagones de mercanc\u00edas. La \u00faltima reuni\u00f3n del comit\u00e9 de este proyecto piloto para la puesta en marcha de <span style=\"color: #3366ff;\"><a style=\"color: #3366ff;\" href=\"http:\/\/lunatrain.eu\/es\/\"><strong>Lunatrain<\/strong><\/a><\/span> ha concluido que el desarrollo del servicio ferroviario entre Barcelona y Frankfurt (Alemania) \u201ces factible tanto a nivel t\u00e9cnico como a nivel de rentabilidad econ\u00f3mica\u201d.<\/p>\n<p>El presidente de la asociaci\u00f3n \u2018Objetivo tren de noche\u2019, Eric Boisseau, ha asegurado que \u201cincluir el transporte de mercanc\u00edas en este proyecto nos permitir\u00e1 cubrir los elevados costes de su puesta en marcha y aportar\u00e1 rentabilidad a la circulaci\u00f3n de este tren a lo largo de todo el a\u00f1o\u201d. El estudio de viabilidad del proyecto se present\u00f3 a nivel interno durante una reuni\u00f3n el pasado 1 de septiembre de 2020. Tras una revisi\u00f3n exhaustiva y algunas modificaciones, ser\u00e1 presentado de forma oficial en una ciudad hermanada con Montpellier (Francia), como Barcelona o bien Heidelberg (Alemania), en torno al pr\u00f3ximo mes de octubre.<\/p>\n<p>M\u00e1s informaci\u00f3n: <a href=\"http:\/\/elmercantil.com\/2020\/09\/14\/los-impulsores-del-tren-nocturno-de-pasajeros-y-mercancias-se-preparan-para-iniciar-pruebas\/\">el Mercantil<\/a><\/p>\n<p>&nbsp;<\/p>\n","protected":false},"excerpt":{"rendered":"<p>14 de septiembre de 2020 Los promotores de Lunatrain est\u00e1n en contacto con Renfe para alquilar material rodante de Talgo<\/p>\n","protected":false},"author":4,"featured_media":31436,"comment_status":"closed","ping_status":"open","sticky":false,"template":"","format":"standard","meta":{"footnotes":""},"categories":[835],"tags":[35,761,1010,1011,836,72,948],"class_list":["post-31435","post","type-post","status-publish","format-standard","has-post-thumbnail","hentry","category-premsa-escrita","tag-barcelona","tag-frankfurt","tag-lunatrain","tag-nocturnos","tag-publicacions-diaris-i-revistes","tag-renfe-operadora","tag-talgo","comments-off"],"_links":{"self":[{"href":"https:\/\/www.agrupament.cat\/portal\/wp-json\/wp\/v2\/posts\/31435","targetHints":{"allow":["GET"]}}],"collection":[{"href":"https:\/\/www.agrupament.cat\/portal\/wp-json\/wp\/v2\/posts"}],"about":[{"href":"https:\/\/www.agrupament.cat\/portal\/wp-json\/wp\/v2\/types\/post"}],"author":[{"embeddable":true,"href":"https:\/\/www.agrupament.cat\/portal\/wp-json\/wp\/v2\/users\/4"}],"replies":[{"embeddable":true,"href":"https:\/\/www.agrupament.cat\/portal\/wp-json\/wp\/v2\/comments?post=31435"}],"version-history":[{"count":1,"href":"https:\/\/www.agrupament.cat\/portal\/wp-json\/wp\/v2\/posts\/31435\/revisions"}],"predecessor-version":[{"id":31437,"href":"https:\/\/www.agrupament.cat\/portal\/wp-json\/wp\/v2\/posts\/31435\/revisions\/31437"}],"wp:featuredmedia":[{"embeddable":true,"href":"https:\/\/www.agrupament.cat\/portal\/wp-json\/wp\/v2\/media\/31436"}],"wp:attachment":[{"href":"https:\/\/www.agrupament.cat\/portal\/wp-json\/wp\/v2\/media?parent=31435"}],"wp:term":[{"taxonomy":"category","embeddable":true,"href":"https:\/\/www.agrupament.cat\/portal\/wp-json\/wp\/v2\/categories?post=31435"},{"taxonomy":"post_tag","embeddable":true,"href":"https:\/\/www.agrupament.cat\/portal\/wp-json\/wp\/v2\/tags?post=31435"}],"curies":[{"name":"wp","href":"https:\/\/api.w.org\/{rel}","templated":true}]}}