{"id":31424,"date":"2020-09-14T17:46:11","date_gmt":"2020-09-14T15:46:11","guid":{"rendered":"https:\/\/www.agrupament.cat\/portal\/?p=31424"},"modified":"2020-09-14T17:46:23","modified_gmt":"2020-09-14T15:46:23","slug":"renfe-incrementa-els-serveis-euromed-que-enllacen-barcelona-i-camp-de-tarragona-amb-valencia","status":"publish","type":"post","link":"https:\/\/www.agrupament.cat\/portal\/2020\/09\/renfe-incrementa-els-serveis-euromed-que-enllacen-barcelona-i-camp-de-tarragona-amb-valencia\/","title":{"rendered":"Renfe incrementa els serveis Euromed que enllacen Barcelona i Camp de Tarragona amb Val\u00e8ncia"},"content":{"rendered":"<p>A partir de dijous 17 de setembre<br \/>\n<strong>\u00b7 S\u2019augmenta l\u2019oferta amb dos trens diaris, un per sentit<\/strong><br \/>\n<strong>\u00b7 La companyia ha refor\u00e7at les seves mesures d&#8217;higiene i desinfecci\u00f3 a bord. on \u00e9s obligatori viatjar amb mascareta<\/strong><\/p>\n<p>Barcelona, 14 de setembre de 2020 (Renfe)<br \/>\nRenfe augmenta la programaci\u00f3 de trens amb dos nous serveis diaris que enlla\u00e7a Barcelona i Camp de Tarragona amb la comunitat valenciana.<\/p>\n<p>A partir del dijous 17 de setembre, un nou servei Euromed sortir\u00e0 de Barcelona a les 08.10 hores i en sentit contrari des de Val\u00e8ncia a les 06.52 hores. D\u2019aquesta manera, set trens de Llarga Dist\u00e0ncia per sentit enlla\u00e7aran les dues comunitats.<\/p>\n<p>Renfe est\u00e0 adaptant progressivament la seva oferta de serveis a l\u2019evoluci\u00f3 de la demanda amb l\u2019objectiu de recuperar els nivells previs a la crisi.<\/p>\n<p><strong>Viatjar segur a bord<\/strong><br \/>\nDurant el viatge al tren, \u00e9s obligatori l&#8217;\u00fas de m\u00e0scares per part de tots els viatgers. Aix\u00ed mateix, per raons de seguretat sanit\u00e0ria, no es presten els serveis a bord de restauraci\u00f3, repartiment d&#8217;auriculars i de premsa, i venda d&#8217;articles. Renfe distribueix tovalloletes desinfectants als seus viatgers a bord i ha refor\u00e7at les mesures d&#8217;higiene i desinfecci\u00f3 en tots els seus trens.<\/p>\n<p>La companyia ja disposa del certificat AENOR dels protocols de neteja i desinfecci\u00f3 dels seus trens contra la COVID, en el marc del programa Objectiu Tren Segur dissenyat per la companyia per a garantir que els seus serveis s\u00f3n operats amb les majors garanties higienicosanit\u00e0ries.<\/p>\n","protected":false},"excerpt":{"rendered":"<p>A partir de dijous 17 de setembre \u00b7 S\u2019augmenta l\u2019oferta amb dos trens diaris, un per sentit \u00b7 La companyia<\/p>\n","protected":false},"author":4,"featured_media":17100,"comment_status":"closed","ping_status":"open","sticky":false,"template":"","format":"standard","meta":{"footnotes":""},"categories":[818],"tags":[35,236,479,863,72,137],"class_list":["post-31424","post","type-post","status-publish","format-standard","has-post-thumbnail","hentry","category-notes-de-premsa","tag-barcelona","tag-camp-de-tarragona","tag-euromed","tag-increment-de-loferta","tag-renfe-operadora","tag-valencia","comments-off"],"_links":{"self":[{"href":"https:\/\/www.agrupament.cat\/portal\/wp-json\/wp\/v2\/posts\/31424","targetHints":{"allow":["GET"]}}],"collection":[{"href":"https:\/\/www.agrupament.cat\/portal\/wp-json\/wp\/v2\/posts"}],"about":[{"href":"https:\/\/www.agrupament.cat\/portal\/wp-json\/wp\/v2\/types\/post"}],"author":[{"embeddable":true,"href":"https:\/\/www.agrupament.cat\/portal\/wp-json\/wp\/v2\/users\/4"}],"replies":[{"embeddable":true,"href":"https:\/\/www.agrupament.cat\/portal\/wp-json\/wp\/v2\/comments?post=31424"}],"version-history":[{"count":2,"href":"https:\/\/www.agrupament.cat\/portal\/wp-json\/wp\/v2\/posts\/31424\/revisions"}],"predecessor-version":[{"id":31426,"href":"https:\/\/www.agrupament.cat\/portal\/wp-json\/wp\/v2\/posts\/31424\/revisions\/31426"}],"wp:featuredmedia":[{"embeddable":true,"href":"https:\/\/www.agrupament.cat\/portal\/wp-json\/wp\/v2\/media\/17100"}],"wp:attachment":[{"href":"https:\/\/www.agrupament.cat\/portal\/wp-json\/wp\/v2\/media?parent=31424"}],"wp:term":[{"taxonomy":"category","embeddable":true,"href":"https:\/\/www.agrupament.cat\/portal\/wp-json\/wp\/v2\/categories?post=31424"},{"taxonomy":"post_tag","embeddable":true,"href":"https:\/\/www.agrupament.cat\/portal\/wp-json\/wp\/v2\/tags?post=31424"}],"curies":[{"name":"wp","href":"https:\/\/api.w.org\/{rel}","templated":true}]}}